{"id":100769,"date":"2026-04-27T11:11:42","date_gmt":"2026-04-27T09:11:42","guid":{"rendered":"https:\/\/geneveinfos.ch\/index.php\/2026\/04\/27\/theodora-brille-a-la-ceremonie-des-flammes-et-repart-avec-cinq-trophees\/"},"modified":"2026-04-27T11:11:42","modified_gmt":"2026-04-27T09:11:42","slug":"theodora-brille-a-la-ceremonie-des-flammes-et-repart-avec-cinq-trophees","status":"publish","type":"post","link":"https:\/\/geneveinfos.ch\/index.php\/2026\/04\/27\/theodora-brille-a-la-ceremonie-des-flammes-et-repart-avec-cinq-trophees\/","title":{"rendered":"Theodora brille \u00e0 la c\u00e9r\u00e9monie des Flammes et repart avec cinq troph\u00e9es"},"content":{"rendered":"<p>This <a href=\"https:\/\/www.rts.ch\/info\/culture\/musiques\/2026\/article\/theodora-brille-a-la-ceremonie-des-flammes-et-repart-avec-cinq-trophees-29223709.html?rts_source=rss_t\" target=\"_blank\">post<\/a> was originally published on <a href=\"https:\/\/www.rts.ch\/info\/toute-info\/?format=rss\/news\" target=\"_blank\">this site<\/a>.<\/p><div>\n<div><a href=\"https:\/\/www.rts.ch\/info\/culture\/musiques\/2026\/article\/theodora-brille-a-la-ceremonie-des-flammes-et-repart-avec-cinq-trophees-29223709.html?rts_source=rss_t\"><img decoding=\"async\" src=\"https:\/\/img.rts.ch\/articles\/2026\/image\/r79k1c-29223721.image?w=320&amp;h=180\"><\/a>Theodora, nouvelle reine de la pop francophone, a triomph&eacute; jeudi soir lors de la 4e &eacute;dition des Flammes, r&eacute;compenses musicales d&eacute;cern&eacute;es aux artistes rap et RnB fran&ccedil;ais, en s&#8217;emparant de cinq troph&eacute;es, dont celui d&rsquo;artiste f&eacute;minine de l&rsquo;ann&eacute;e.<\/div>\n<\/div>\n","protected":false},"excerpt":{"rendered":"<p>This post was originally published on this site. Theodora, nouvelle reine de la pop francophone, a triomph&eacute; jeudi soir lors de la 4e &eacute;dition des Flammes, r&eacute;compenses musicales d&eacute;cern&eacute;es aux artistes rap et RnB fran&ccedil;ais, en s&#8217;emparant de cinq troph&eacute;es, dont celui d&rsquo;artiste f&eacute;minine de l&rsquo;ann&eacute;e.<\/p>\n","protected":false},"author":1,"featured_media":0,"comment_status":"open","ping_status":"open","sticky":false,"template":"","format":"standard","meta":{"_monsterinsights_skip_tracking":false,"_monsterinsights_sitenote_active":false,"_monsterinsights_sitenote_note":"","_monsterinsights_sitenote_category":0,"_uf_show_specific_survey":0,"_uf_disable_surveys":false,"footnotes":""},"categories":[100],"tags":[],"class_list":["post-100769","post","type-post","status-publish","format-standard","hentry","category-tech-innovation"],"aioseo_notices":[],"_links":{"self":[{"href":"https:\/\/geneveinfos.ch\/index.php\/wp-json\/wp\/v2\/posts\/100769","targetHints":{"allow":["GET"]}}],"collection":[{"href":"https:\/\/geneveinfos.ch\/index.php\/wp-json\/wp\/v2\/posts"}],"about":[{"href":"https:\/\/geneveinfos.ch\/index.php\/wp-json\/wp\/v2\/types\/post"}],"author":[{"embeddable":true,"href":"https:\/\/geneveinfos.ch\/index.php\/wp-json\/wp\/v2\/users\/1"}],"replies":[{"embeddable":true,"href":"https:\/\/geneveinfos.ch\/index.php\/wp-json\/wp\/v2\/comments?post=100769"}],"version-history":[{"count":0,"href":"https:\/\/geneveinfos.ch\/index.php\/wp-json\/wp\/v2\/posts\/100769\/revisions"}],"wp:attachment":[{"href":"https:\/\/geneveinfos.ch\/index.php\/wp-json\/wp\/v2\/media?parent=100769"}],"wp:term":[{"taxonomy":"category","embeddable":true,"href":"https:\/\/geneveinfos.ch\/index.php\/wp-json\/wp\/v2\/categories?post=100769"},{"taxonomy":"post_tag","embeddable":true,"href":"https:\/\/geneveinfos.ch\/index.php\/wp-json\/wp\/v2\/tags?post=100769"}],"curies":[{"name":"wp","href":"https:\/\/api.w.org\/{rel}","templated":true}]}}