{"id":100773,"date":"2026-04-27T12:03:47","date_gmt":"2026-04-27T10:03:47","guid":{"rendered":"https:\/\/geneveinfos.ch\/index.php\/2026\/04\/27\/transports-a-geneve-pas-de-trains-entre-geneve-et-la-plaine-du-27-juillet-au-17-aout\/"},"modified":"2026-04-27T12:29:27","modified_gmt":"2026-04-27T10:29:27","slug":"transports-a-geneve-pas-de-trains-entre-geneve-et-la-plaine-du-27-juillet-au-17-aout","status":"publish","type":"post","link":"https:\/\/geneveinfos.ch\/index.php\/2026\/04\/27\/transports-a-geneve-pas-de-trains-entre-geneve-et-la-plaine-du-27-juillet-au-17-aout\/","title":{"rendered":"Transports \u00e0 Gen\u00e8ve: Pas de trains entre Gen\u00e8ve et La Plaine du 27\u00a0juillet au 17\u00a0ao\u00fbt"},"content":{"rendered":"<p>This <a href=\"https:\/\/www.tdg.ch\/cff-pas-de-trains-entre-geneve-et-la-plaine-cet-ete-521520860191\" target=\"_blank\">post<\/a> was originally published on <a href=\"https:\/\/partner-feeds.publishing.tamedia.ch\/rss\/tdg\/geneve\" target=\"_blank\">this site<\/a>.<\/p><div>Les CFF effectuent d&rsquo;importants travaux en gare de La Plaine. Un service de bus de remplacement sera mis en place.<\/div>\n","protected":false},"excerpt":{"rendered":"<p>This post was originally published on this site.Les CFF effectuent d&rsquo;importants travaux en gare de La Plaine. Un service de bus de remplacement sera mis en place.<\/p>\n","protected":false},"author":1,"featured_media":100774,"comment_status":"open","ping_status":"open","sticky":false,"template":"","format":"standard","meta":{"_monsterinsights_skip_tracking":false,"_monsterinsights_sitenote_active":false,"_monsterinsights_sitenote_note":"","_monsterinsights_sitenote_category":0,"_uf_show_specific_survey":0,"_uf_disable_surveys":false,"footnotes":""},"categories":[97],"tags":[],"class_list":["post-100773","post","type-post","status-publish","format-standard","has-post-thumbnail","hentry","category-international-news"],"aioseo_notices":[],"_links":{"self":[{"href":"https:\/\/geneveinfos.ch\/index.php\/wp-json\/wp\/v2\/posts\/100773","targetHints":{"allow":["GET"]}}],"collection":[{"href":"https:\/\/geneveinfos.ch\/index.php\/wp-json\/wp\/v2\/posts"}],"about":[{"href":"https:\/\/geneveinfos.ch\/index.php\/wp-json\/wp\/v2\/types\/post"}],"author":[{"embeddable":true,"href":"https:\/\/geneveinfos.ch\/index.php\/wp-json\/wp\/v2\/users\/1"}],"replies":[{"embeddable":true,"href":"https:\/\/geneveinfos.ch\/index.php\/wp-json\/wp\/v2\/comments?post=100773"}],"version-history":[{"count":1,"href":"https:\/\/geneveinfos.ch\/index.php\/wp-json\/wp\/v2\/posts\/100773\/revisions"}],"predecessor-version":[{"id":100775,"href":"https:\/\/geneveinfos.ch\/index.php\/wp-json\/wp\/v2\/posts\/100773\/revisions\/100775"}],"wp:featuredmedia":[{"embeddable":true,"href":"https:\/\/geneveinfos.ch\/index.php\/wp-json\/wp\/v2\/media\/100774"}],"wp:attachment":[{"href":"https:\/\/geneveinfos.ch\/index.php\/wp-json\/wp\/v2\/media?parent=100773"}],"wp:term":[{"taxonomy":"category","embeddable":true,"href":"https:\/\/geneveinfos.ch\/index.php\/wp-json\/wp\/v2\/categories?post=100773"},{"taxonomy":"post_tag","embeddable":true,"href":"https:\/\/geneveinfos.ch\/index.php\/wp-json\/wp\/v2\/tags?post=100773"}],"curies":[{"name":"wp","href":"https:\/\/api.w.org\/{rel}","templated":true}]}}