{"id":100779,"date":"2026-04-27T11:27:51","date_gmt":"2026-04-27T09:27:51","guid":{"rendered":"https:\/\/geneveinfos.ch\/index.php\/2026\/04\/27\/probleme-technique-un-avion-swiss-fait-demi-tour-a-geneve-apres-une-surchauffe-en-cabine\/"},"modified":"2026-04-27T12:29:28","modified_gmt":"2026-04-27T10:29:28","slug":"probleme-technique-un-avion-swiss-fait-demi-tour-a-geneve-apres-une-surchauffe-en-cabine","status":"publish","type":"post","link":"https:\/\/geneveinfos.ch\/index.php\/2026\/04\/27\/probleme-technique-un-avion-swiss-fait-demi-tour-a-geneve-apres-une-surchauffe-en-cabine\/","title":{"rendered":"Probl\u00e8me technique: Un avion Swiss fait demi-tour \u00e0 Gen\u00e8ve apr\u00e8s une surchauffe en cabine"},"content":{"rendered":"<p>This <a href=\"https:\/\/www.tdg.ch\/swiss-un-avion-fait-demi-tour-apres-une-surchauffe-386647893223\" target=\"_blank\">post<\/a> was originally published on <a href=\"https:\/\/partner-feeds.publishing.tamedia.ch\/rss\/tdg\/geneve\" target=\"_blank\">this site<\/a>.<\/p><div>L&rsquo;Airbus A220 &agrave; destination de Francfort a &eacute;t&eacute; immobilis&eacute; quelques minutes sur la piste.<\/div>\n","protected":false},"excerpt":{"rendered":"<p>This post was originally published on this site.L&rsquo;Airbus A220 &agrave; destination de Francfort a &eacute;t&eacute; immobilis&eacute; quelques minutes sur la piste.<\/p>\n","protected":false},"author":1,"featured_media":100780,"comment_status":"open","ping_status":"open","sticky":false,"template":"","format":"standard","meta":{"_monsterinsights_skip_tracking":false,"_monsterinsights_sitenote_active":false,"_monsterinsights_sitenote_note":"","_monsterinsights_sitenote_category":0,"_uf_show_specific_survey":0,"_uf_disable_surveys":false,"footnotes":""},"categories":[97],"tags":[],"class_list":["post-100779","post","type-post","status-publish","format-standard","has-post-thumbnail","hentry","category-international-news"],"aioseo_notices":[],"_links":{"self":[{"href":"https:\/\/geneveinfos.ch\/index.php\/wp-json\/wp\/v2\/posts\/100779","targetHints":{"allow":["GET"]}}],"collection":[{"href":"https:\/\/geneveinfos.ch\/index.php\/wp-json\/wp\/v2\/posts"}],"about":[{"href":"https:\/\/geneveinfos.ch\/index.php\/wp-json\/wp\/v2\/types\/post"}],"author":[{"embeddable":true,"href":"https:\/\/geneveinfos.ch\/index.php\/wp-json\/wp\/v2\/users\/1"}],"replies":[{"embeddable":true,"href":"https:\/\/geneveinfos.ch\/index.php\/wp-json\/wp\/v2\/comments?post=100779"}],"version-history":[{"count":1,"href":"https:\/\/geneveinfos.ch\/index.php\/wp-json\/wp\/v2\/posts\/100779\/revisions"}],"predecessor-version":[{"id":100781,"href":"https:\/\/geneveinfos.ch\/index.php\/wp-json\/wp\/v2\/posts\/100779\/revisions\/100781"}],"wp:featuredmedia":[{"embeddable":true,"href":"https:\/\/geneveinfos.ch\/index.php\/wp-json\/wp\/v2\/media\/100780"}],"wp:attachment":[{"href":"https:\/\/geneveinfos.ch\/index.php\/wp-json\/wp\/v2\/media?parent=100779"}],"wp:term":[{"taxonomy":"category","embeddable":true,"href":"https:\/\/geneveinfos.ch\/index.php\/wp-json\/wp\/v2\/categories?post=100779"},{"taxonomy":"post_tag","embeddable":true,"href":"https:\/\/geneveinfos.ch\/index.php\/wp-json\/wp\/v2\/tags?post=100779"}],"curies":[{"name":"wp","href":"https:\/\/api.w.org\/{rel}","templated":true}]}}