{"id":100849,"date":"2026-04-27T14:07:40","date_gmt":"2026-04-27T12:07:40","guid":{"rendered":"https:\/\/geneveinfos.ch\/index.php\/2026\/04\/27\/elections-consulaires-des-personnalites-genevoises-sur-des-listes-electorales-francaises\/"},"modified":"2026-04-27T14:33:22","modified_gmt":"2026-04-27T12:33:22","slug":"elections-consulaires-des-personnalites-genevoises-sur-des-listes-electorales-francaises","status":"publish","type":"post","link":"https:\/\/geneveinfos.ch\/index.php\/2026\/04\/27\/elections-consulaires-des-personnalites-genevoises-sur-des-listes-electorales-francaises\/","title":{"rendered":"\u00c9lections consulaires: Des personnalit\u00e9s genevoises sur des listes \u00e9lectorales fran\u00e7aises"},"content":{"rendered":"<p>This <a href=\"https:\/\/www.tdg.ch\/elections-consulaires-des-personnalites-genevoises-sur-des-listes-505276133520\" target=\"_blank\">post<\/a> was originally published on <a href=\"https:\/\/partner-feeds.publishing.tamedia.ch\/rss\/tdg\/geneve\" target=\"_blank\">this site<\/a>.<\/p><div>R&eacute;my Pagani, S&eacute;verine Chavrier et d&rsquo;autres t&ecirc;tes connues sont candidats pour repr&eacute;senter localement les Fran&ccedil;ais &eacute;tablis &agrave; Gen&egrave;ve.<\/div>\n","protected":false},"excerpt":{"rendered":"<p>This post was originally published on this site.R&eacute;my Pagani, S&eacute;verine Chavrier et d&rsquo;autres t&ecirc;tes connues sont candidats pour repr&eacute;senter localement les Fran&ccedil;ais &eacute;tablis &agrave; Gen&egrave;ve.<\/p>\n","protected":false},"author":1,"featured_media":100850,"comment_status":"open","ping_status":"open","sticky":false,"template":"","format":"standard","meta":{"_monsterinsights_skip_tracking":false,"_monsterinsights_sitenote_active":false,"_monsterinsights_sitenote_note":"","_monsterinsights_sitenote_category":0,"_uf_show_specific_survey":0,"_uf_disable_surveys":false,"footnotes":""},"categories":[97],"tags":[],"class_list":["post-100849","post","type-post","status-publish","format-standard","has-post-thumbnail","hentry","category-international-news"],"aioseo_notices":[],"_links":{"self":[{"href":"https:\/\/geneveinfos.ch\/index.php\/wp-json\/wp\/v2\/posts\/100849","targetHints":{"allow":["GET"]}}],"collection":[{"href":"https:\/\/geneveinfos.ch\/index.php\/wp-json\/wp\/v2\/posts"}],"about":[{"href":"https:\/\/geneveinfos.ch\/index.php\/wp-json\/wp\/v2\/types\/post"}],"author":[{"embeddable":true,"href":"https:\/\/geneveinfos.ch\/index.php\/wp-json\/wp\/v2\/users\/1"}],"replies":[{"embeddable":true,"href":"https:\/\/geneveinfos.ch\/index.php\/wp-json\/wp\/v2\/comments?post=100849"}],"version-history":[{"count":1,"href":"https:\/\/geneveinfos.ch\/index.php\/wp-json\/wp\/v2\/posts\/100849\/revisions"}],"predecessor-version":[{"id":100851,"href":"https:\/\/geneveinfos.ch\/index.php\/wp-json\/wp\/v2\/posts\/100849\/revisions\/100851"}],"wp:featuredmedia":[{"embeddable":true,"href":"https:\/\/geneveinfos.ch\/index.php\/wp-json\/wp\/v2\/media\/100850"}],"wp:attachment":[{"href":"https:\/\/geneveinfos.ch\/index.php\/wp-json\/wp\/v2\/media?parent=100849"}],"wp:term":[{"taxonomy":"category","embeddable":true,"href":"https:\/\/geneveinfos.ch\/index.php\/wp-json\/wp\/v2\/categories?post=100849"},{"taxonomy":"post_tag","embeddable":true,"href":"https:\/\/geneveinfos.ch\/index.php\/wp-json\/wp\/v2\/tags?post=100849"}],"curies":[{"name":"wp","href":"https:\/\/api.w.org\/{rel}","templated":true}]}}