{"id":100852,"date":"2026-04-27T14:06:52","date_gmt":"2026-04-27T12:06:52","guid":{"rendered":"https:\/\/geneveinfos.ch\/index.php\/2026\/04\/27\/immobilier-genevois-la-famille-berda-prend-le-controle-de-la-societe-immobiliere-barnes-suisse-sa\/"},"modified":"2026-04-27T14:33:22","modified_gmt":"2026-04-27T12:33:22","slug":"immobilier-genevois-la-famille-berda-prend-le-controle-de-la-societe-immobiliere-barnes-suisse-sa","status":"publish","type":"post","link":"https:\/\/geneveinfos.ch\/index.php\/2026\/04\/27\/immobilier-genevois-la-famille-berda-prend-le-controle-de-la-societe-immobiliere-barnes-suisse-sa\/","title":{"rendered":"Immobilier genevois: La famille Berda prend le contr\u00f4le de la soci\u00e9t\u00e9 immobili\u00e8re Barnes Suisse SA"},"content":{"rendered":"<p>This <a href=\"https:\/\/www.tdg.ch\/immobilier-la-famille-berda-reprend-le-controle-de-barnes-suisse-549167955397\" target=\"_blank\">post<\/a> was originally published on <a href=\"https:\/\/partner-feeds.publishing.tamedia.ch\/rss\/tdg\/geneve\" target=\"_blank\">this site<\/a>.<\/p><div>Quatre mois apr&egrave;s la disparition de Claude Berda, l&rsquo;un des grands b&acirc;tisseurs de Suisse romande, sa famille prend le contr&ocirc;le de la soci&eacute;t&eacute; immobili&egrave;re Barnes.<\/div>\n","protected":false},"excerpt":{"rendered":"<p>This post was originally published on this site.Quatre mois apr&egrave;s la disparition de Claude Berda, l&rsquo;un des grands b&acirc;tisseurs de Suisse romande, sa famille prend le contr&ocirc;le de la soci&eacute;t&eacute; immobili&egrave;re Barnes.<\/p>\n","protected":false},"author":1,"featured_media":100853,"comment_status":"open","ping_status":"open","sticky":false,"template":"","format":"standard","meta":{"_monsterinsights_skip_tracking":false,"_monsterinsights_sitenote_active":false,"_monsterinsights_sitenote_note":"","_monsterinsights_sitenote_category":0,"_uf_show_specific_survey":0,"_uf_disable_surveys":false,"footnotes":""},"categories":[97],"tags":[],"class_list":["post-100852","post","type-post","status-publish","format-standard","has-post-thumbnail","hentry","category-international-news"],"aioseo_notices":[],"_links":{"self":[{"href":"https:\/\/geneveinfos.ch\/index.php\/wp-json\/wp\/v2\/posts\/100852","targetHints":{"allow":["GET"]}}],"collection":[{"href":"https:\/\/geneveinfos.ch\/index.php\/wp-json\/wp\/v2\/posts"}],"about":[{"href":"https:\/\/geneveinfos.ch\/index.php\/wp-json\/wp\/v2\/types\/post"}],"author":[{"embeddable":true,"href":"https:\/\/geneveinfos.ch\/index.php\/wp-json\/wp\/v2\/users\/1"}],"replies":[{"embeddable":true,"href":"https:\/\/geneveinfos.ch\/index.php\/wp-json\/wp\/v2\/comments?post=100852"}],"version-history":[{"count":1,"href":"https:\/\/geneveinfos.ch\/index.php\/wp-json\/wp\/v2\/posts\/100852\/revisions"}],"predecessor-version":[{"id":100854,"href":"https:\/\/geneveinfos.ch\/index.php\/wp-json\/wp\/v2\/posts\/100852\/revisions\/100854"}],"wp:featuredmedia":[{"embeddable":true,"href":"https:\/\/geneveinfos.ch\/index.php\/wp-json\/wp\/v2\/media\/100853"}],"wp:attachment":[{"href":"https:\/\/geneveinfos.ch\/index.php\/wp-json\/wp\/v2\/media?parent=100852"}],"wp:term":[{"taxonomy":"category","embeddable":true,"href":"https:\/\/geneveinfos.ch\/index.php\/wp-json\/wp\/v2\/categories?post=100852"},{"taxonomy":"post_tag","embeddable":true,"href":"https:\/\/geneveinfos.ch\/index.php\/wp-json\/wp\/v2\/tags?post=100852"}],"curies":[{"name":"wp","href":"https:\/\/api.w.org\/{rel}","templated":true}]}}