{"id":100888,"date":"2026-04-27T15:01:16","date_gmt":"2026-04-27T13:01:16","guid":{"rendered":"https:\/\/geneveinfos.ch\/index.php\/2026\/04\/27\/deces-sur-la-route-a-geneve-premier-accident-mortel-impliquant-une-trottinette-electrique-a-geneve\/"},"modified":"2026-04-27T15:38:12","modified_gmt":"2026-04-27T13:38:12","slug":"deces-sur-la-route-a-geneve-premier-accident-mortel-impliquant-une-trottinette-electrique-a-geneve","status":"publish","type":"post","link":"https:\/\/geneveinfos.ch\/index.php\/2026\/04\/27\/deces-sur-la-route-a-geneve-premier-accident-mortel-impliquant-une-trottinette-electrique-a-geneve\/","title":{"rendered":"D\u00e9c\u00e8s sur la route \u00e0 Gen\u00e8ve: Premier accident mortel impliquant une trottinette \u00e9lectrique \u00e0 Gen\u00e8ve"},"content":{"rendered":"<p>This <a href=\"https:\/\/www.tdg.ch\/trottinette-electrique-un-premier-deces-a-geneve-840226234832\" target=\"_blank\">post<\/a> was originally published on <a href=\"https:\/\/partner-feeds.publishing.tamedia.ch\/rss\/tdg\/geneve\" target=\"_blank\">this site<\/a>.<\/p><div>Un homme est d&eacute;c&eacute;d&eacute; samedi &agrave; Onex. Depuis 2019, les accidents &agrave; bord d&rsquo;engins &eacute;lectriques ne cessent d&rsquo;augmenter.<\/div>\n","protected":false},"excerpt":{"rendered":"<p>This post was originally published on this site.Un homme est d&eacute;c&eacute;d&eacute; samedi &agrave; Onex. Depuis 2019, les accidents &agrave; bord d&rsquo;engins &eacute;lectriques ne cessent d&rsquo;augmenter.<\/p>\n","protected":false},"author":1,"featured_media":100889,"comment_status":"open","ping_status":"open","sticky":false,"template":"","format":"standard","meta":{"_monsterinsights_skip_tracking":false,"_monsterinsights_sitenote_active":false,"_monsterinsights_sitenote_note":"","_monsterinsights_sitenote_category":0,"_uf_show_specific_survey":0,"_uf_disable_surveys":false,"footnotes":""},"categories":[97],"tags":[],"class_list":["post-100888","post","type-post","status-publish","format-standard","has-post-thumbnail","hentry","category-international-news"],"aioseo_notices":[],"_links":{"self":[{"href":"https:\/\/geneveinfos.ch\/index.php\/wp-json\/wp\/v2\/posts\/100888","targetHints":{"allow":["GET"]}}],"collection":[{"href":"https:\/\/geneveinfos.ch\/index.php\/wp-json\/wp\/v2\/posts"}],"about":[{"href":"https:\/\/geneveinfos.ch\/index.php\/wp-json\/wp\/v2\/types\/post"}],"author":[{"embeddable":true,"href":"https:\/\/geneveinfos.ch\/index.php\/wp-json\/wp\/v2\/users\/1"}],"replies":[{"embeddable":true,"href":"https:\/\/geneveinfos.ch\/index.php\/wp-json\/wp\/v2\/comments?post=100888"}],"version-history":[{"count":1,"href":"https:\/\/geneveinfos.ch\/index.php\/wp-json\/wp\/v2\/posts\/100888\/revisions"}],"predecessor-version":[{"id":100890,"href":"https:\/\/geneveinfos.ch\/index.php\/wp-json\/wp\/v2\/posts\/100888\/revisions\/100890"}],"wp:featuredmedia":[{"embeddable":true,"href":"https:\/\/geneveinfos.ch\/index.php\/wp-json\/wp\/v2\/media\/100889"}],"wp:attachment":[{"href":"https:\/\/geneveinfos.ch\/index.php\/wp-json\/wp\/v2\/media?parent=100888"}],"wp:term":[{"taxonomy":"category","embeddable":true,"href":"https:\/\/geneveinfos.ch\/index.php\/wp-json\/wp\/v2\/categories?post=100888"},{"taxonomy":"post_tag","embeddable":true,"href":"https:\/\/geneveinfos.ch\/index.php\/wp-json\/wp\/v2\/tags?post=100888"}],"curies":[{"name":"wp","href":"https:\/\/api.w.org\/{rel}","templated":true}]}}