{"id":100930,"date":"2026-04-27T16:04:35","date_gmt":"2026-04-27T14:04:35","guid":{"rendered":"https:\/\/geneveinfos.ch\/index.php\/2026\/04\/27\/conservation-des-especes-le-jardin-botanique-de-geneve-a-trace-la-voie-pour-le-sauvetage-des-palmiers-africains\/"},"modified":"2026-04-27T16:40:05","modified_gmt":"2026-04-27T14:40:05","slug":"conservation-des-especes-le-jardin-botanique-de-geneve-a-trace-la-voie-pour-le-sauvetage-des-palmiers-africains","status":"publish","type":"post","link":"https:\/\/geneveinfos.ch\/index.php\/2026\/04\/27\/conservation-des-especes-le-jardin-botanique-de-geneve-a-trace-la-voie-pour-le-sauvetage-des-palmiers-africains\/","title":{"rendered":"Conservation des esp\u00e8ces: Le Jardin botanique de Gen\u00e8ve a trac\u00e9 la voie pour le sauvetage des palmiers africains"},"content":{"rendered":"<p>This <a href=\"https:\/\/www.tdg.ch\/geneve-le-jardin-botanique-aide-a-sauver-des-palmiers-dafrique-497562453600\" target=\"_blank\">post<\/a> was originally published on <a href=\"https:\/\/partner-feeds.publishing.tamedia.ch\/rss\/tdg\/geneve\" target=\"_blank\">this site<\/a>.<\/p><div>Gen&egrave;ve est un centre de comp&eacute;tences en mati&egrave;re de palmiers. Un projet transdisciplinaire d&rsquo;envergure sur les esp&egrave;ces d&rsquo;Afrique de l&rsquo;Ouest, menac&eacute;es de disparition, arrive &agrave; son terme.<\/div>\n","protected":false},"excerpt":{"rendered":"<p>This post was originally published on this site.Gen&egrave;ve est un centre de comp&eacute;tences en mati&egrave;re de palmiers. Un projet transdisciplinaire d&rsquo;envergure sur les esp&egrave;ces d&rsquo;Afrique de l&rsquo;Ouest, menac&eacute;es de disparition, arrive &agrave; son terme.<\/p>\n","protected":false},"author":1,"featured_media":100931,"comment_status":"open","ping_status":"open","sticky":false,"template":"","format":"standard","meta":{"_monsterinsights_skip_tracking":false,"_monsterinsights_sitenote_active":false,"_monsterinsights_sitenote_note":"","_monsterinsights_sitenote_category":0,"_uf_show_specific_survey":0,"_uf_disable_surveys":false,"footnotes":""},"categories":[97],"tags":[],"class_list":["post-100930","post","type-post","status-publish","format-standard","has-post-thumbnail","hentry","category-international-news"],"aioseo_notices":[],"_links":{"self":[{"href":"https:\/\/geneveinfos.ch\/index.php\/wp-json\/wp\/v2\/posts\/100930","targetHints":{"allow":["GET"]}}],"collection":[{"href":"https:\/\/geneveinfos.ch\/index.php\/wp-json\/wp\/v2\/posts"}],"about":[{"href":"https:\/\/geneveinfos.ch\/index.php\/wp-json\/wp\/v2\/types\/post"}],"author":[{"embeddable":true,"href":"https:\/\/geneveinfos.ch\/index.php\/wp-json\/wp\/v2\/users\/1"}],"replies":[{"embeddable":true,"href":"https:\/\/geneveinfos.ch\/index.php\/wp-json\/wp\/v2\/comments?post=100930"}],"version-history":[{"count":1,"href":"https:\/\/geneveinfos.ch\/index.php\/wp-json\/wp\/v2\/posts\/100930\/revisions"}],"predecessor-version":[{"id":100932,"href":"https:\/\/geneveinfos.ch\/index.php\/wp-json\/wp\/v2\/posts\/100930\/revisions\/100932"}],"wp:featuredmedia":[{"embeddable":true,"href":"https:\/\/geneveinfos.ch\/index.php\/wp-json\/wp\/v2\/media\/100931"}],"wp:attachment":[{"href":"https:\/\/geneveinfos.ch\/index.php\/wp-json\/wp\/v2\/media?parent=100930"}],"wp:term":[{"taxonomy":"category","embeddable":true,"href":"https:\/\/geneveinfos.ch\/index.php\/wp-json\/wp\/v2\/categories?post=100930"},{"taxonomy":"post_tag","embeddable":true,"href":"https:\/\/geneveinfos.ch\/index.php\/wp-json\/wp\/v2\/tags?post=100930"}],"curies":[{"name":"wp","href":"https:\/\/api.w.org\/{rel}","templated":true}]}}