{"id":101002,"date":"2026-04-27T18:06:59","date_gmt":"2026-04-27T16:06:59","guid":{"rendered":"https:\/\/geneveinfos.ch\/index.php\/2026\/04\/27\/deplacements-prives-et-professionnels-a-meyrin-un-essai-pour-encourager-la-mobilite-electrique-legere\/"},"modified":"2026-04-27T18:42:11","modified_gmt":"2026-04-27T16:42:11","slug":"deplacements-prives-et-professionnels-a-meyrin-un-essai-pour-encourager-la-mobilite-electrique-legere","status":"publish","type":"post","link":"https:\/\/geneveinfos.ch\/index.php\/2026\/04\/27\/deplacements-prives-et-professionnels-a-meyrin-un-essai-pour-encourager-la-mobilite-electrique-legere\/","title":{"rendered":"D\u00e9placements priv\u00e9s et professionnels: \u00c0 Meyrin, un essai pour encourager la mobilit\u00e9 \u00e9lectrique l\u00e9g\u00e8re"},"content":{"rendered":"<p>This <a href=\"https:\/\/www.tdg.ch\/meyrin-des-vehicules-electriques-legers-en-location-des-mai-464805966474\" target=\"_blank\">post<\/a> was originally published on <a href=\"https:\/\/partner-feeds.publishing.tamedia.ch\/rss\/tdg\/geneve\" target=\"_blank\">this site<\/a>.<\/p><div>&Agrave; partir du 4&nbsp;mai, diff&eacute;rents types de v&eacute;hicules &eacute;lectriques pourront &ecirc;tre lou&eacute;s &agrave; bas prix dans la commune. But: encourager la population et les PME &agrave; changer leurs habitudes.<\/div>\n","protected":false},"excerpt":{"rendered":"<p>This post was originally published on this site.&Agrave; partir du 4&nbsp;mai, diff&eacute;rents types de v&eacute;hicules &eacute;lectriques pourront &ecirc;tre lou&eacute;s &agrave; bas prix dans la commune. But: encourager la population et les PME &agrave; changer leurs habitudes.<\/p>\n","protected":false},"author":1,"featured_media":101003,"comment_status":"open","ping_status":"open","sticky":false,"template":"","format":"standard","meta":{"_monsterinsights_skip_tracking":false,"_monsterinsights_sitenote_active":false,"_monsterinsights_sitenote_note":"","_monsterinsights_sitenote_category":0,"_uf_show_specific_survey":0,"_uf_disable_surveys":false,"footnotes":""},"categories":[97],"tags":[],"class_list":["post-101002","post","type-post","status-publish","format-standard","has-post-thumbnail","hentry","category-international-news"],"aioseo_notices":[],"_links":{"self":[{"href":"https:\/\/geneveinfos.ch\/index.php\/wp-json\/wp\/v2\/posts\/101002","targetHints":{"allow":["GET"]}}],"collection":[{"href":"https:\/\/geneveinfos.ch\/index.php\/wp-json\/wp\/v2\/posts"}],"about":[{"href":"https:\/\/geneveinfos.ch\/index.php\/wp-json\/wp\/v2\/types\/post"}],"author":[{"embeddable":true,"href":"https:\/\/geneveinfos.ch\/index.php\/wp-json\/wp\/v2\/users\/1"}],"replies":[{"embeddable":true,"href":"https:\/\/geneveinfos.ch\/index.php\/wp-json\/wp\/v2\/comments?post=101002"}],"version-history":[{"count":1,"href":"https:\/\/geneveinfos.ch\/index.php\/wp-json\/wp\/v2\/posts\/101002\/revisions"}],"predecessor-version":[{"id":101004,"href":"https:\/\/geneveinfos.ch\/index.php\/wp-json\/wp\/v2\/posts\/101002\/revisions\/101004"}],"wp:featuredmedia":[{"embeddable":true,"href":"https:\/\/geneveinfos.ch\/index.php\/wp-json\/wp\/v2\/media\/101003"}],"wp:attachment":[{"href":"https:\/\/geneveinfos.ch\/index.php\/wp-json\/wp\/v2\/media?parent=101002"}],"wp:term":[{"taxonomy":"category","embeddable":true,"href":"https:\/\/geneveinfos.ch\/index.php\/wp-json\/wp\/v2\/categories?post=101002"},{"taxonomy":"post_tag","embeddable":true,"href":"https:\/\/geneveinfos.ch\/index.php\/wp-json\/wp\/v2\/tags?post=101002"}],"curies":[{"name":"wp","href":"https:\/\/api.w.org\/{rel}","templated":true}]}}