{"id":101099,"date":"2026-04-27T21:02:49","date_gmt":"2026-04-27T19:02:49","guid":{"rendered":"https:\/\/geneveinfos.ch\/index.php\/2026\/04\/27\/sommet-international-g7-la-haute-savoie-securise-evian-mais-deplace-les-inquietudes-vers-geneve\/"},"modified":"2026-04-27T21:43:30","modified_gmt":"2026-04-27T19:43:30","slug":"sommet-international-g7-la-haute-savoie-securise-evian-mais-deplace-les-inquietudes-vers-geneve","status":"publish","type":"post","link":"https:\/\/geneveinfos.ch\/index.php\/2026\/04\/27\/sommet-international-g7-la-haute-savoie-securise-evian-mais-deplace-les-inquietudes-vers-geneve\/","title":{"rendered":"Sommet international: G7: la Haute-Savoie s\u00e9curise \u00c9vian mais d\u00e9place les inqui\u00e9tudes vers Gen\u00e8ve"},"content":{"rendered":"<p>This <a href=\"https:\/\/www.tdg.ch\/g7-la-haute-savoie-securise-evian-mais-inquiete-geneve-812463529022\" target=\"_blank\">post<\/a> was originally published on <a href=\"https:\/\/partner-feeds.publishing.tamedia.ch\/rss\/tdg\/geneve\" target=\"_blank\">this site<\/a>.<\/p><div>La pr&eacute;fecture a d&eacute;taill&eacute; le Pass G7 et les restrictions locales, avant d&rsquo;&ecirc;tre interrog&eacute;e sur Gen&egrave;ve, les fronti&egrave;res et les manifestations.<\/div>\n","protected":false},"excerpt":{"rendered":"<p>This post was originally published on this site.La pr&eacute;fecture a d&eacute;taill&eacute; le Pass G7 et les restrictions locales, avant d&rsquo;&ecirc;tre interrog&eacute;e sur Gen&egrave;ve, les fronti&egrave;res et les manifestations.<\/p>\n","protected":false},"author":1,"featured_media":101100,"comment_status":"open","ping_status":"open","sticky":false,"template":"","format":"standard","meta":{"_monsterinsights_skip_tracking":false,"_monsterinsights_sitenote_active":false,"_monsterinsights_sitenote_note":"","_monsterinsights_sitenote_category":0,"_uf_show_specific_survey":0,"_uf_disable_surveys":false,"footnotes":""},"categories":[97],"tags":[],"class_list":["post-101099","post","type-post","status-publish","format-standard","has-post-thumbnail","hentry","category-international-news"],"aioseo_notices":[],"_links":{"self":[{"href":"https:\/\/geneveinfos.ch\/index.php\/wp-json\/wp\/v2\/posts\/101099","targetHints":{"allow":["GET"]}}],"collection":[{"href":"https:\/\/geneveinfos.ch\/index.php\/wp-json\/wp\/v2\/posts"}],"about":[{"href":"https:\/\/geneveinfos.ch\/index.php\/wp-json\/wp\/v2\/types\/post"}],"author":[{"embeddable":true,"href":"https:\/\/geneveinfos.ch\/index.php\/wp-json\/wp\/v2\/users\/1"}],"replies":[{"embeddable":true,"href":"https:\/\/geneveinfos.ch\/index.php\/wp-json\/wp\/v2\/comments?post=101099"}],"version-history":[{"count":1,"href":"https:\/\/geneveinfos.ch\/index.php\/wp-json\/wp\/v2\/posts\/101099\/revisions"}],"predecessor-version":[{"id":101101,"href":"https:\/\/geneveinfos.ch\/index.php\/wp-json\/wp\/v2\/posts\/101099\/revisions\/101101"}],"wp:featuredmedia":[{"embeddable":true,"href":"https:\/\/geneveinfos.ch\/index.php\/wp-json\/wp\/v2\/media\/101100"}],"wp:attachment":[{"href":"https:\/\/geneveinfos.ch\/index.php\/wp-json\/wp\/v2\/media?parent=101099"}],"wp:term":[{"taxonomy":"category","embeddable":true,"href":"https:\/\/geneveinfos.ch\/index.php\/wp-json\/wp\/v2\/categories?post=101099"},{"taxonomy":"post_tag","embeddable":true,"href":"https:\/\/geneveinfos.ch\/index.php\/wp-json\/wp\/v2\/tags?post=101099"}],"curies":[{"name":"wp","href":"https:\/\/api.w.org\/{rel}","templated":true}]}}