{"id":101426,"date":"2026-04-28T06:56:27","date_gmt":"2026-04-28T04:56:27","guid":{"rendered":"https:\/\/geneveinfos.ch\/index.php\/2026\/04\/28\/justice-genevoise-un-jeune-homme-prevenu-de-tentative-de-meurtre-apres-six-coups-de-couteau-a-belle-idee\/"},"modified":"2026-04-28T07:54:11","modified_gmt":"2026-04-28T05:54:11","slug":"justice-genevoise-un-jeune-homme-prevenu-de-tentative-de-meurtre-apres-six-coups-de-couteau-a-belle-idee","status":"publish","type":"post","link":"https:\/\/geneveinfos.ch\/index.php\/2026\/04\/28\/justice-genevoise-un-jeune-homme-prevenu-de-tentative-de-meurtre-apres-six-coups-de-couteau-a-belle-idee\/","title":{"rendered":"Justice genevoise: Un jeune homme pr\u00e9venu de tentative de meurtre apr\u00e8s six coups de couteau \u00e0 Belle-Id\u00e9e"},"content":{"rendered":"<p>This <a href=\"https:\/\/www.tdg.ch\/geneve-un-patient-de-belle-idee-accuse-de-tentative-de-meurtre-771535201227\" target=\"_blank\">post<\/a> was originally published on <a href=\"https:\/\/partner-feeds.publishing.tamedia.ch\/rss\/tdg\/geneve\" target=\"_blank\">this site<\/a>.<\/p><div>Un homme, n&eacute; en 2003, est suspect&eacute; d&rsquo;une agression sur le site de l&rsquo;&eacute;tablissement psychiatrique. Il avait &eacute;t&eacute; arr&ecirc;t&eacute; quelques semaines avant les faits.<\/div>\n","protected":false},"excerpt":{"rendered":"<p>This post was originally published on this site.Un homme, n&eacute; en 2003, est suspect&eacute; d&rsquo;une agression sur le site de l&rsquo;&eacute;tablissement psychiatrique. Il avait &eacute;t&eacute; arr&ecirc;t&eacute; quelques semaines avant les faits.<\/p>\n","protected":false},"author":1,"featured_media":101427,"comment_status":"open","ping_status":"open","sticky":false,"template":"","format":"standard","meta":{"_monsterinsights_skip_tracking":false,"_monsterinsights_sitenote_active":false,"_monsterinsights_sitenote_note":"","_monsterinsights_sitenote_category":0,"_uf_show_specific_survey":0,"_uf_disable_surveys":false,"footnotes":""},"categories":[97],"tags":[],"class_list":["post-101426","post","type-post","status-publish","format-standard","has-post-thumbnail","hentry","category-international-news"],"aioseo_notices":[],"_links":{"self":[{"href":"https:\/\/geneveinfos.ch\/index.php\/wp-json\/wp\/v2\/posts\/101426","targetHints":{"allow":["GET"]}}],"collection":[{"href":"https:\/\/geneveinfos.ch\/index.php\/wp-json\/wp\/v2\/posts"}],"about":[{"href":"https:\/\/geneveinfos.ch\/index.php\/wp-json\/wp\/v2\/types\/post"}],"author":[{"embeddable":true,"href":"https:\/\/geneveinfos.ch\/index.php\/wp-json\/wp\/v2\/users\/1"}],"replies":[{"embeddable":true,"href":"https:\/\/geneveinfos.ch\/index.php\/wp-json\/wp\/v2\/comments?post=101426"}],"version-history":[{"count":1,"href":"https:\/\/geneveinfos.ch\/index.php\/wp-json\/wp\/v2\/posts\/101426\/revisions"}],"predecessor-version":[{"id":101428,"href":"https:\/\/geneveinfos.ch\/index.php\/wp-json\/wp\/v2\/posts\/101426\/revisions\/101428"}],"wp:featuredmedia":[{"embeddable":true,"href":"https:\/\/geneveinfos.ch\/index.php\/wp-json\/wp\/v2\/media\/101427"}],"wp:attachment":[{"href":"https:\/\/geneveinfos.ch\/index.php\/wp-json\/wp\/v2\/media?parent=101426"}],"wp:term":[{"taxonomy":"category","embeddable":true,"href":"https:\/\/geneveinfos.ch\/index.php\/wp-json\/wp\/v2\/categories?post=101426"},{"taxonomy":"post_tag","embeddable":true,"href":"https:\/\/geneveinfos.ch\/index.php\/wp-json\/wp\/v2\/tags?post=101426"}],"curies":[{"name":"wp","href":"https:\/\/api.w.org\/{rel}","templated":true}]}}