{"id":101596,"date":"2026-04-28T12:15:52","date_gmt":"2026-04-28T10:15:52","guid":{"rendered":"https:\/\/geneveinfos.ch\/index.php\/2026\/04\/28\/avec-la-vente-de-cannabis-legal-a-lausanne-le-marche-noir-perd-2-millions\/"},"modified":"2026-04-28T12:15:52","modified_gmt":"2026-04-28T10:15:52","slug":"avec-la-vente-de-cannabis-legal-a-lausanne-le-marche-noir-perd-2-millions","status":"publish","type":"post","link":"https:\/\/geneveinfos.ch\/index.php\/2026\/04\/28\/avec-la-vente-de-cannabis-legal-a-lausanne-le-marche-noir-perd-2-millions\/","title":{"rendered":"Avec la vente de cannabis l\u00e9gal \u00e0 Lausanne, le march\u00e9 noir perd 2 millions"},"content":{"rendered":"<p>This <a href=\"https:\/\/www.rts.ch\/info\/regions\/vaud\/2026\/article\/le-cannabis-legal-a-lausanne-fait-perdre-2-millions-au-marche-noir-29225131.html?rts_source=rss_t\" target=\"_blank\">post<\/a> was originally published on <a href=\"https:\/\/www.rts.ch\/info\/toute-info\/?format=rss\/news\" target=\"_blank\">this site<\/a>.<\/p><div>\n<div><a href=\"https:\/\/www.rts.ch\/info\/regions\/vaud\/2026\/article\/le-cannabis-legal-a-lausanne-fait-perdre-2-millions-au-marche-noir-29225131.html?rts_source=rss_t\"><img decoding=\"async\" src=\"https:\/\/img.rts.ch\/articles\/2026\/image\/n1eghl-29225140.image?w=320&amp;h=180\"><\/a>Le march&eacute; noir du cannabis &agrave; Lausanne a perdu 2 millions de francs de chiffre d&rsquo;affaires depuis l&rsquo;ouverture en 2023 du point de vente l&eacute;gal Cann-L. Cet essai-pilote de vente r&eacute;gul&eacute;e de cannabis couvre environ 20% de la consommation estim&eacute;e dans la capitale vaudoise, selon la Municipalit&eacute; lausannoise.<\/div>\n<\/div>\n","protected":false},"excerpt":{"rendered":"<p>This post was originally published on this site. Le march&eacute; noir du cannabis &agrave; Lausanne a perdu 2 millions de francs de chiffre d&rsquo;affaires depuis l&rsquo;ouverture en 2023 du point de vente l&eacute;gal Cann-L. Cet essai-pilote de vente r&eacute;gul&eacute;e de cannabis couvre environ 20% de la consommation estim&eacute;e dans la capitale vaudoise, selon la Municipalit&eacute; [&hellip;]<\/p>\n","protected":false},"author":1,"featured_media":0,"comment_status":"open","ping_status":"open","sticky":false,"template":"","format":"standard","meta":{"_monsterinsights_skip_tracking":false,"_monsterinsights_sitenote_active":false,"_monsterinsights_sitenote_note":"","_monsterinsights_sitenote_category":0,"_uf_show_specific_survey":0,"_uf_disable_surveys":false,"footnotes":""},"categories":[100],"tags":[],"class_list":["post-101596","post","type-post","status-publish","format-standard","hentry","category-tech-innovation"],"aioseo_notices":[],"_links":{"self":[{"href":"https:\/\/geneveinfos.ch\/index.php\/wp-json\/wp\/v2\/posts\/101596","targetHints":{"allow":["GET"]}}],"collection":[{"href":"https:\/\/geneveinfos.ch\/index.php\/wp-json\/wp\/v2\/posts"}],"about":[{"href":"https:\/\/geneveinfos.ch\/index.php\/wp-json\/wp\/v2\/types\/post"}],"author":[{"embeddable":true,"href":"https:\/\/geneveinfos.ch\/index.php\/wp-json\/wp\/v2\/users\/1"}],"replies":[{"embeddable":true,"href":"https:\/\/geneveinfos.ch\/index.php\/wp-json\/wp\/v2\/comments?post=101596"}],"version-history":[{"count":0,"href":"https:\/\/geneveinfos.ch\/index.php\/wp-json\/wp\/v2\/posts\/101596\/revisions"}],"wp:attachment":[{"href":"https:\/\/geneveinfos.ch\/index.php\/wp-json\/wp\/v2\/media?parent=101596"}],"wp:term":[{"taxonomy":"category","embeddable":true,"href":"https:\/\/geneveinfos.ch\/index.php\/wp-json\/wp\/v2\/categories?post=101596"},{"taxonomy":"post_tag","embeddable":true,"href":"https:\/\/geneveinfos.ch\/index.php\/wp-json\/wp\/v2\/tags?post=101596"}],"curies":[{"name":"wp","href":"https:\/\/api.w.org\/{rel}","templated":true}]}}