{"id":101597,"date":"2026-04-28T12:05:56","date_gmt":"2026-04-28T10:05:56","guid":{"rendered":"https:\/\/geneveinfos.ch\/index.php\/2026\/04\/28\/anniviers-valide-son-nouveau-plan-de-zone-conformement-a-la-tres-contestee-lat\/"},"modified":"2026-04-28T12:05:56","modified_gmt":"2026-04-28T10:05:56","slug":"anniviers-valide-son-nouveau-plan-de-zone-conformement-a-la-tres-contestee-lat","status":"publish","type":"post","link":"https:\/\/geneveinfos.ch\/index.php\/2026\/04\/28\/anniviers-valide-son-nouveau-plan-de-zone-conformement-a-la-tres-contestee-lat\/","title":{"rendered":"Anniviers valide son nouveau plan de zone conform\u00e9ment \u00e0 la tr\u00e8s contest\u00e9e LAT"},"content":{"rendered":"<p>This <a href=\"https:\/\/www.rts.ch\/info\/regions\/valais\/2026\/article\/anniviers-valide-son-nouveau-plan-de-zone-conformement-a-la-tres-contestee-lat-29224931.html?rts_source=rss_t\" target=\"_blank\">post<\/a> was originally published on <a href=\"https:\/\/www.rts.ch\/info\/toute-info\/?format=rss\/news\" target=\"_blank\">this site<\/a>.<\/p><div>\n<div><a href=\"https:\/\/www.rts.ch\/info\/regions\/valais\/2026\/article\/anniviers-valide-son-nouveau-plan-de-zone-conformement-a-la-tres-contestee-lat-29224931.html?rts_source=rss_t\"><img decoding=\"async\" src=\"https:\/\/img.rts.ch\/articles\/2026\/image\/frl8pc-29225077.image?w=320&amp;h=180\"><\/a>La population d&rsquo;Anniviers a accept&eacute; &agrave; 68% lundi soir le nouveau plan de zone de la commune. Ce vote pr&eacute;voit le d&eacute;classement de certaines zones &agrave; b&acirc;tir en zones agricoles. Une d&eacute;cision prise treize ans apr&egrave;s l&rsquo;adoption de la loi sur l&rsquo;am&eacute;nagement du territoire (LAT), un dispositif f&eacute;d&eacute;ral toujours hautement &eacute;motionnel en Valais.<\/div>\n<\/div>\n","protected":false},"excerpt":{"rendered":"<p>This post was originally published on this site. La population d&rsquo;Anniviers a accept&eacute; &agrave; 68% lundi soir le nouveau plan de zone de la commune. Ce vote pr&eacute;voit le d&eacute;classement de certaines zones &agrave; b&acirc;tir en zones agricoles. Une d&eacute;cision prise treize ans apr&egrave;s l&rsquo;adoption de la loi sur l&rsquo;am&eacute;nagement du territoire (LAT), un dispositif [&hellip;]<\/p>\n","protected":false},"author":1,"featured_media":0,"comment_status":"open","ping_status":"open","sticky":false,"template":"","format":"standard","meta":{"_monsterinsights_skip_tracking":false,"_monsterinsights_sitenote_active":false,"_monsterinsights_sitenote_note":"","_monsterinsights_sitenote_category":0,"_uf_show_specific_survey":0,"_uf_disable_surveys":false,"footnotes":""},"categories":[100],"tags":[],"class_list":["post-101597","post","type-post","status-publish","format-standard","hentry","category-tech-innovation"],"aioseo_notices":[],"_links":{"self":[{"href":"https:\/\/geneveinfos.ch\/index.php\/wp-json\/wp\/v2\/posts\/101597","targetHints":{"allow":["GET"]}}],"collection":[{"href":"https:\/\/geneveinfos.ch\/index.php\/wp-json\/wp\/v2\/posts"}],"about":[{"href":"https:\/\/geneveinfos.ch\/index.php\/wp-json\/wp\/v2\/types\/post"}],"author":[{"embeddable":true,"href":"https:\/\/geneveinfos.ch\/index.php\/wp-json\/wp\/v2\/users\/1"}],"replies":[{"embeddable":true,"href":"https:\/\/geneveinfos.ch\/index.php\/wp-json\/wp\/v2\/comments?post=101597"}],"version-history":[{"count":0,"href":"https:\/\/geneveinfos.ch\/index.php\/wp-json\/wp\/v2\/posts\/101597\/revisions"}],"wp:attachment":[{"href":"https:\/\/geneveinfos.ch\/index.php\/wp-json\/wp\/v2\/media?parent=101597"}],"wp:term":[{"taxonomy":"category","embeddable":true,"href":"https:\/\/geneveinfos.ch\/index.php\/wp-json\/wp\/v2\/categories?post=101597"},{"taxonomy":"post_tag","embeddable":true,"href":"https:\/\/geneveinfos.ch\/index.php\/wp-json\/wp\/v2\/tags?post=101597"}],"curies":[{"name":"wp","href":"https:\/\/api.w.org\/{rel}","templated":true}]}}