{"id":101651,"date":"2026-04-28T13:32:15","date_gmt":"2026-04-28T11:32:15","guid":{"rendered":"https:\/\/geneveinfos.ch\/index.php\/2026\/04\/28\/geneve-publie-un-rapport-lampleur-de-la-violence-envers-les-personnes-lgbtiq-revelee\/"},"modified":"2026-04-28T14:09:15","modified_gmt":"2026-04-28T12:09:15","slug":"geneve-publie-un-rapport-lampleur-de-la-violence-envers-les-personnes-lgbtiq-revelee","status":"publish","type":"post","link":"https:\/\/geneveinfos.ch\/index.php\/2026\/04\/28\/geneve-publie-un-rapport-lampleur-de-la-violence-envers-les-personnes-lgbtiq-revelee\/","title":{"rendered":"Gen\u00e8ve publie un rapport: L\u2019ampleur de la violence envers les personnes LGBTIQ+ r\u00e9v\u00e9l\u00e9e"},"content":{"rendered":"<p>This <a href=\"https:\/\/www.tdg.ch\/lgbtiq-geneve-revele-lampleur-des-violences-subies-412402750385\" target=\"_blank\">post<\/a> was originally published on <a href=\"https:\/\/partner-feeds.publishing.tamedia.ch\/rss\/tdg\/geneve\" target=\"_blank\">this site<\/a>.<\/p><div>Une &eacute;tude r&eacute;v&egrave;le que les personnes LGBTIQ+ sont plus touch&eacute;es par les violences sexistes, sexuelles et discriminatoires que les personnes h&eacute;t&eacute;rosexuelles.<\/div>\n","protected":false},"excerpt":{"rendered":"<p>This post was originally published on this site.Une &eacute;tude r&eacute;v&egrave;le que les personnes LGBTIQ+ sont plus touch&eacute;es par les violences sexistes, sexuelles et discriminatoires que les personnes h&eacute;t&eacute;rosexuelles.<\/p>\n","protected":false},"author":1,"featured_media":101652,"comment_status":"open","ping_status":"open","sticky":false,"template":"","format":"standard","meta":{"_monsterinsights_skip_tracking":false,"_monsterinsights_sitenote_active":false,"_monsterinsights_sitenote_note":"","_monsterinsights_sitenote_category":0,"_uf_show_specific_survey":0,"_uf_disable_surveys":false,"footnotes":""},"categories":[97],"tags":[],"class_list":["post-101651","post","type-post","status-publish","format-standard","has-post-thumbnail","hentry","category-international-news"],"aioseo_notices":[],"_links":{"self":[{"href":"https:\/\/geneveinfos.ch\/index.php\/wp-json\/wp\/v2\/posts\/101651","targetHints":{"allow":["GET"]}}],"collection":[{"href":"https:\/\/geneveinfos.ch\/index.php\/wp-json\/wp\/v2\/posts"}],"about":[{"href":"https:\/\/geneveinfos.ch\/index.php\/wp-json\/wp\/v2\/types\/post"}],"author":[{"embeddable":true,"href":"https:\/\/geneveinfos.ch\/index.php\/wp-json\/wp\/v2\/users\/1"}],"replies":[{"embeddable":true,"href":"https:\/\/geneveinfos.ch\/index.php\/wp-json\/wp\/v2\/comments?post=101651"}],"version-history":[{"count":1,"href":"https:\/\/geneveinfos.ch\/index.php\/wp-json\/wp\/v2\/posts\/101651\/revisions"}],"predecessor-version":[{"id":101653,"href":"https:\/\/geneveinfos.ch\/index.php\/wp-json\/wp\/v2\/posts\/101651\/revisions\/101653"}],"wp:featuredmedia":[{"embeddable":true,"href":"https:\/\/geneveinfos.ch\/index.php\/wp-json\/wp\/v2\/media\/101652"}],"wp:attachment":[{"href":"https:\/\/geneveinfos.ch\/index.php\/wp-json\/wp\/v2\/media?parent=101651"}],"wp:term":[{"taxonomy":"category","embeddable":true,"href":"https:\/\/geneveinfos.ch\/index.php\/wp-json\/wp\/v2\/categories?post=101651"},{"taxonomy":"post_tag","embeddable":true,"href":"https:\/\/geneveinfos.ch\/index.php\/wp-json\/wp\/v2\/tags?post=101651"}],"curies":[{"name":"wp","href":"https:\/\/api.w.org\/{rel}","templated":true}]}}