{"id":101654,"date":"2026-04-28T13:05:32","date_gmt":"2026-04-28T11:05:32","guid":{"rendered":"https:\/\/geneveinfos.ch\/index.php\/2026\/04\/28\/celebration-a-veyrier-le-champion-olympique-tanguy-nef-fete-en-heros-dans-sa-commune\/"},"modified":"2026-04-28T14:09:16","modified_gmt":"2026-04-28T12:09:16","slug":"celebration-a-veyrier-le-champion-olympique-tanguy-nef-fete-en-heros-dans-sa-commune","status":"publish","type":"post","link":"https:\/\/geneveinfos.ch\/index.php\/2026\/04\/28\/celebration-a-veyrier-le-champion-olympique-tanguy-nef-fete-en-heros-dans-sa-commune\/","title":{"rendered":"C\u00e9l\u00e9bration \u00e0 Veyrier: Le champion olympique Tanguy Nef f\u00eat\u00e9 en h\u00e9ros dans sa commune"},"content":{"rendered":"<p>This <a href=\"https:\/\/www.tdg.ch\/tanguy-nef-le-champion-olympique-celebre-a-veyrier-884416572927\" target=\"_blank\">post<\/a> was originally published on <a href=\"https:\/\/partner-feeds.publishing.tamedia.ch\/rss\/tdg\/geneve\" target=\"_blank\">this site<\/a>.<\/p><div>Les autorit&eacute;s veyrites, en collaboration avec le Canton de Gen&egrave;ve, ont organis&eacute; une c&eacute;r&eacute;monie afin d&rsquo;honorer leur champion. Pour le plus grand bonheur des enfants.<\/div>\n","protected":false},"excerpt":{"rendered":"<p>This post was originally published on this site.Les autorit&eacute;s veyrites, en collaboration avec le Canton de Gen&egrave;ve, ont organis&eacute; une c&eacute;r&eacute;monie afin d&rsquo;honorer leur champion. Pour le plus grand bonheur des enfants.<\/p>\n","protected":false},"author":1,"featured_media":101655,"comment_status":"open","ping_status":"open","sticky":false,"template":"","format":"standard","meta":{"_monsterinsights_skip_tracking":false,"_monsterinsights_sitenote_active":false,"_monsterinsights_sitenote_note":"","_monsterinsights_sitenote_category":0,"_uf_show_specific_survey":0,"_uf_disable_surveys":false,"footnotes":""},"categories":[97],"tags":[],"class_list":["post-101654","post","type-post","status-publish","format-standard","has-post-thumbnail","hentry","category-international-news"],"aioseo_notices":[],"_links":{"self":[{"href":"https:\/\/geneveinfos.ch\/index.php\/wp-json\/wp\/v2\/posts\/101654","targetHints":{"allow":["GET"]}}],"collection":[{"href":"https:\/\/geneveinfos.ch\/index.php\/wp-json\/wp\/v2\/posts"}],"about":[{"href":"https:\/\/geneveinfos.ch\/index.php\/wp-json\/wp\/v2\/types\/post"}],"author":[{"embeddable":true,"href":"https:\/\/geneveinfos.ch\/index.php\/wp-json\/wp\/v2\/users\/1"}],"replies":[{"embeddable":true,"href":"https:\/\/geneveinfos.ch\/index.php\/wp-json\/wp\/v2\/comments?post=101654"}],"version-history":[{"count":0,"href":"https:\/\/geneveinfos.ch\/index.php\/wp-json\/wp\/v2\/posts\/101654\/revisions"}],"wp:featuredmedia":[{"embeddable":true,"href":"https:\/\/geneveinfos.ch\/index.php\/wp-json\/wp\/v2\/media\/101655"}],"wp:attachment":[{"href":"https:\/\/geneveinfos.ch\/index.php\/wp-json\/wp\/v2\/media?parent=101654"}],"wp:term":[{"taxonomy":"category","embeddable":true,"href":"https:\/\/geneveinfos.ch\/index.php\/wp-json\/wp\/v2\/categories?post=101654"},{"taxonomy":"post_tag","embeddable":true,"href":"https:\/\/geneveinfos.ch\/index.php\/wp-json\/wp\/v2\/tags?post=101654"}],"curies":[{"name":"wp","href":"https:\/\/api.w.org\/{rel}","templated":true}]}}