{"id":101687,"date":"2026-04-28T13:53:26","date_gmt":"2026-04-28T11:53:26","guid":{"rendered":"https:\/\/geneveinfos.ch\/index.php\/2026\/04\/28\/le-diocese-de-sion-facilite-lacces-a-ses-archives-historiques\/"},"modified":"2026-04-28T13:53:26","modified_gmt":"2026-04-28T11:53:26","slug":"le-diocese-de-sion-facilite-lacces-a-ses-archives-historiques","status":"publish","type":"post","link":"https:\/\/geneveinfos.ch\/index.php\/2026\/04\/28\/le-diocese-de-sion-facilite-lacces-a-ses-archives-historiques\/","title":{"rendered":"Le dioc\u00e8se de Sion facilite l&rsquo;acc\u00e8s \u00e0 ses archives historiques"},"content":{"rendered":"<p>This <a href=\"https:\/\/www.rts.ch\/info\/regions\/valais\/2026\/article\/le-diocese-de-sion-ouvre-ses-archives-historiques-au-public-29225163.html?rts_source=rss_t\" target=\"_blank\">post<\/a> was originally published on <a href=\"https:\/\/www.rts.ch\/info\/toute-info\/?format=rss\/news\" target=\"_blank\">this site<\/a>.<\/p><div>\n<div><a href=\"https:\/\/www.rts.ch\/info\/regions\/valais\/2026\/article\/le-diocese-de-sion-ouvre-ses-archives-historiques-au-public-29225163.html?rts_source=rss_t\"><img decoding=\"async\" src=\"https:\/\/img.rts.ch\/articles\/2026\/image\/fmm82a-29225166.image?w=320&amp;h=180\"><\/a>Le dioc&egrave;se de Sion a d&eacute;cid&eacute; d&rsquo;&eacute;largir l&rsquo;acc&egrave;s &agrave; ses archives et d&rsquo;assouplir les conditions de leur consultation. L&rsquo;&eacute;v&ecirc;que Mgr Jean-Marie Lovey vient de publier de nouvelles directives en ce sens, accompagn&eacute;es de courriers de recommandations pour les paroisses.<\/div>\n<\/div>\n","protected":false},"excerpt":{"rendered":"<p>This post was originally published on this site. Le dioc&egrave;se de Sion a d&eacute;cid&eacute; d&rsquo;&eacute;largir l&rsquo;acc&egrave;s &agrave; ses archives et d&rsquo;assouplir les conditions de leur consultation. L&rsquo;&eacute;v&ecirc;que Mgr Jean-Marie Lovey vient de publier de nouvelles directives en ce sens, accompagn&eacute;es de courriers de recommandations pour les paroisses.<\/p>\n","protected":false},"author":1,"featured_media":0,"comment_status":"open","ping_status":"open","sticky":false,"template":"","format":"standard","meta":{"_monsterinsights_skip_tracking":false,"_monsterinsights_sitenote_active":false,"_monsterinsights_sitenote_note":"","_monsterinsights_sitenote_category":0,"_uf_show_specific_survey":0,"_uf_disable_surveys":false,"footnotes":""},"categories":[100],"tags":[],"class_list":["post-101687","post","type-post","status-publish","format-standard","hentry","category-tech-innovation"],"aioseo_notices":[],"_links":{"self":[{"href":"https:\/\/geneveinfos.ch\/index.php\/wp-json\/wp\/v2\/posts\/101687","targetHints":{"allow":["GET"]}}],"collection":[{"href":"https:\/\/geneveinfos.ch\/index.php\/wp-json\/wp\/v2\/posts"}],"about":[{"href":"https:\/\/geneveinfos.ch\/index.php\/wp-json\/wp\/v2\/types\/post"}],"author":[{"embeddable":true,"href":"https:\/\/geneveinfos.ch\/index.php\/wp-json\/wp\/v2\/users\/1"}],"replies":[{"embeddable":true,"href":"https:\/\/geneveinfos.ch\/index.php\/wp-json\/wp\/v2\/comments?post=101687"}],"version-history":[{"count":0,"href":"https:\/\/geneveinfos.ch\/index.php\/wp-json\/wp\/v2\/posts\/101687\/revisions"}],"wp:attachment":[{"href":"https:\/\/geneveinfos.ch\/index.php\/wp-json\/wp\/v2\/media?parent=101687"}],"wp:term":[{"taxonomy":"category","embeddable":true,"href":"https:\/\/geneveinfos.ch\/index.php\/wp-json\/wp\/v2\/categories?post=101687"},{"taxonomy":"post_tag","embeddable":true,"href":"https:\/\/geneveinfos.ch\/index.php\/wp-json\/wp\/v2\/tags?post=101687"}],"curies":[{"name":"wp","href":"https:\/\/api.w.org\/{rel}","templated":true}]}}