{"id":101692,"date":"2026-04-28T15:03:05","date_gmt":"2026-04-28T13:03:05","guid":{"rendered":"https:\/\/geneveinfos.ch\/index.php\/2026\/04\/28\/travaux-dans-la-commune-versoix-renove-le-passage-sous-voies-de-sa-gare\/"},"modified":"2026-04-28T15:03:05","modified_gmt":"2026-04-28T13:03:05","slug":"travaux-dans-la-commune-versoix-renove-le-passage-sous-voies-de-sa-gare","status":"publish","type":"post","link":"https:\/\/geneveinfos.ch\/index.php\/2026\/04\/28\/travaux-dans-la-commune-versoix-renove-le-passage-sous-voies-de-sa-gare\/","title":{"rendered":"Travaux dans la commune: Versoix r\u00e9nove le passage sous-voies de sa gare"},"content":{"rendered":"<p>This <a href=\"https:\/\/www.tdg.ch\/versoix-la-gare-va-renover-son-passage-sous-voies-964090738753\" target=\"_blank\">post<\/a> was originally published on <a href=\"https:\/\/partner-feeds.publishing.tamedia.ch\/rss\/tdg\/geneve\" target=\"_blank\">this site<\/a>.<\/p><p>La Ville lance un projet de requalification du passage inf\u00e9rieur, avec \u00e9largissement, nouvel \u00e9clairage et installation d\u2019un ascenseur. Les travaux n\u00e9cessiteront une fermeture durant l\u2019\u00e9t\u00e9 2026.<\/p>\n","protected":false},"excerpt":{"rendered":"<p>This post was originally published on this site.La Ville lance un projet de requalification du passage inf\u00e9rieur, avec \u00e9largissement, nouvel \u00e9clairage et installation d\u2019un ascenseur. Les travaux n\u00e9cessiteront une fermeture durant l\u2019\u00e9t\u00e9 2026.<\/p>\n","protected":false},"author":1,"featured_media":0,"comment_status":"open","ping_status":"open","sticky":false,"template":"","format":"standard","meta":{"_monsterinsights_skip_tracking":false,"_monsterinsights_sitenote_active":false,"_monsterinsights_sitenote_note":"","_monsterinsights_sitenote_category":0,"_uf_show_specific_survey":0,"_uf_disable_surveys":false,"footnotes":""},"categories":[97],"tags":[],"class_list":["post-101692","post","type-post","status-publish","format-standard","hentry","category-international-news"],"aioseo_notices":[],"_links":{"self":[{"href":"https:\/\/geneveinfos.ch\/index.php\/wp-json\/wp\/v2\/posts\/101692","targetHints":{"allow":["GET"]}}],"collection":[{"href":"https:\/\/geneveinfos.ch\/index.php\/wp-json\/wp\/v2\/posts"}],"about":[{"href":"https:\/\/geneveinfos.ch\/index.php\/wp-json\/wp\/v2\/types\/post"}],"author":[{"embeddable":true,"href":"https:\/\/geneveinfos.ch\/index.php\/wp-json\/wp\/v2\/users\/1"}],"replies":[{"embeddable":true,"href":"https:\/\/geneveinfos.ch\/index.php\/wp-json\/wp\/v2\/comments?post=101692"}],"version-history":[{"count":0,"href":"https:\/\/geneveinfos.ch\/index.php\/wp-json\/wp\/v2\/posts\/101692\/revisions"}],"wp:attachment":[{"href":"https:\/\/geneveinfos.ch\/index.php\/wp-json\/wp\/v2\/media?parent=101692"}],"wp:term":[{"taxonomy":"category","embeddable":true,"href":"https:\/\/geneveinfos.ch\/index.php\/wp-json\/wp\/v2\/categories?post=101692"},{"taxonomy":"post_tag","embeddable":true,"href":"https:\/\/geneveinfos.ch\/index.php\/wp-json\/wp\/v2\/tags?post=101692"}],"curies":[{"name":"wp","href":"https:\/\/api.w.org\/{rel}","templated":true}]}}