{"id":101760,"date":"2026-04-28T16:21:01","date_gmt":"2026-04-28T14:21:01","guid":{"rendered":"https:\/\/geneveinfos.ch\/index.php\/2026\/04\/28\/un-automobiliste-condamne-a-4-ans-de-prison-pour-avoir-fauche-volontairement-un-cycliste-a-zurich\/"},"modified":"2026-04-28T16:21:01","modified_gmt":"2026-04-28T14:21:01","slug":"un-automobiliste-condamne-a-4-ans-de-prison-pour-avoir-fauche-volontairement-un-cycliste-a-zurich","status":"publish","type":"post","link":"https:\/\/geneveinfos.ch\/index.php\/2026\/04\/28\/un-automobiliste-condamne-a-4-ans-de-prison-pour-avoir-fauche-volontairement-un-cycliste-a-zurich\/","title":{"rendered":"Un automobiliste condamn\u00e9 \u00e0 4 ans de prison pour avoir fauch\u00e9 volontairement un cycliste \u00e0 Zurich"},"content":{"rendered":"<p>This <a href=\"https:\/\/www.rts.ch\/info\/regions\/autres-cantons\/2026\/article\/zurich-4-ans-de-prison-pour-avoir-fauche-volontairement-un-cycliste-29225339.html?rts_source=rss_t\" target=\"_blank\">post<\/a> was originally published on <a href=\"https:\/\/www.rts.ch\/info\/toute-info\/?format=rss\/news\" target=\"_blank\">this site<\/a>.<\/p><div>\n<div><a href=\"https:\/\/www.rts.ch\/info\/regions\/autres-cantons\/2026\/article\/zurich-4-ans-de-prison-pour-avoir-fauche-volontairement-un-cycliste-29225339.html?rts_source=rss_t\"><img decoding=\"async\" src=\"https:\/\/img.rts.ch\/articles\/2017\/image\/jn3cmk-26011180.image?w=320&amp;h=180\"><\/a>Un automobiliste de 35 ans a &eacute;cop&eacute; de quatre ans et deux mois de prison pour avoir happ&eacute; volontairement et bless&eacute; un cycliste &agrave; Zurich en 2023. Jugeant qu&rsquo;il obstruait le passage, il l&rsquo;avait d&eacute;pass&eacute; par la droite avant de se rabattre sur lui.<\/div>\n<\/div>\n","protected":false},"excerpt":{"rendered":"<p>This post was originally published on this site. Un automobiliste de 35 ans a &eacute;cop&eacute; de quatre ans et deux mois de prison pour avoir happ&eacute; volontairement et bless&eacute; un cycliste &agrave; Zurich en 2023. Jugeant qu&rsquo;il obstruait le passage, il l&rsquo;avait d&eacute;pass&eacute; par la droite avant de se rabattre sur lui.<\/p>\n","protected":false},"author":1,"featured_media":0,"comment_status":"open","ping_status":"open","sticky":false,"template":"","format":"standard","meta":{"_monsterinsights_skip_tracking":false,"_monsterinsights_sitenote_active":false,"_monsterinsights_sitenote_note":"","_monsterinsights_sitenote_category":0,"_uf_show_specific_survey":0,"_uf_disable_surveys":false,"footnotes":""},"categories":[100],"tags":[],"class_list":["post-101760","post","type-post","status-publish","format-standard","hentry","category-tech-innovation"],"aioseo_notices":[],"_links":{"self":[{"href":"https:\/\/geneveinfos.ch\/index.php\/wp-json\/wp\/v2\/posts\/101760","targetHints":{"allow":["GET"]}}],"collection":[{"href":"https:\/\/geneveinfos.ch\/index.php\/wp-json\/wp\/v2\/posts"}],"about":[{"href":"https:\/\/geneveinfos.ch\/index.php\/wp-json\/wp\/v2\/types\/post"}],"author":[{"embeddable":true,"href":"https:\/\/geneveinfos.ch\/index.php\/wp-json\/wp\/v2\/users\/1"}],"replies":[{"embeddable":true,"href":"https:\/\/geneveinfos.ch\/index.php\/wp-json\/wp\/v2\/comments?post=101760"}],"version-history":[{"count":0,"href":"https:\/\/geneveinfos.ch\/index.php\/wp-json\/wp\/v2\/posts\/101760\/revisions"}],"wp:attachment":[{"href":"https:\/\/geneveinfos.ch\/index.php\/wp-json\/wp\/v2\/media?parent=101760"}],"wp:term":[{"taxonomy":"category","embeddable":true,"href":"https:\/\/geneveinfos.ch\/index.php\/wp-json\/wp\/v2\/categories?post=101760"},{"taxonomy":"post_tag","embeddable":true,"href":"https:\/\/geneveinfos.ch\/index.php\/wp-json\/wp\/v2\/tags?post=101760"}],"curies":[{"name":"wp","href":"https:\/\/api.w.org\/{rel}","templated":true}]}}