{"id":101798,"date":"2026-04-28T16:32:52","date_gmt":"2026-04-28T14:32:52","guid":{"rendered":"https:\/\/geneveinfos.ch\/index.php\/2026\/04\/28\/une-resolution-du-grand-conseil-vaudois-reclame-la-demission-de-valerie-dittli\/"},"modified":"2026-04-28T16:32:52","modified_gmt":"2026-04-28T14:32:52","slug":"une-resolution-du-grand-conseil-vaudois-reclame-la-demission-de-valerie-dittli","status":"publish","type":"post","link":"https:\/\/geneveinfos.ch\/index.php\/2026\/04\/28\/une-resolution-du-grand-conseil-vaudois-reclame-la-demission-de-valerie-dittli\/","title":{"rendered":"Une r\u00e9solution du Grand Conseil vaudois r\u00e9clame la d\u00e9mission de Val\u00e9rie Dittli"},"content":{"rendered":"<p>This <a href=\"https:\/\/www.rts.ch\/info\/regions\/vaud\/2026\/article\/le-grand-conseil-vaudois-demande-la-demission-de-valerie-dittli-29225450.html?rts_source=rss_t\" target=\"_blank\">post<\/a> was originally published on <a href=\"https:\/\/www.rts.ch\/info\/toute-info\/?format=rss\/news\" target=\"_blank\">this site<\/a>.<\/p><div>\n<div><a href=\"https:\/\/www.rts.ch\/info\/regions\/vaud\/2026\/article\/le-grand-conseil-vaudois-demande-la-demission-de-valerie-dittli-29225450.html?rts_source=rss_t\"><img decoding=\"async\" src=\"https:\/\/img.rts.ch\/articles\/2026\/image\/l3f0v9-29124330.image?w=320&amp;h=180\"><\/a>Le Grand Conseil vaudois a vot&eacute; mardi une r&eacute;solution appelant formellement la conseill&egrave;re d&rsquo;Etat Val&eacute;rie Dittli &agrave; d&eacute;missionner. M&ecirc;me si le texte est symbolique, il veut &ecirc;tre \u00ab\u00a0un message fort\u00a0\u00bb pour que la ministre centriste prenne cette d&eacute;cision par elle-m&ecirc;me.<\/div>\n<\/div>\n","protected":false},"excerpt":{"rendered":"<p>This post was originally published on this site. Le Grand Conseil vaudois a vot&eacute; mardi une r&eacute;solution appelant formellement la conseill&egrave;re d&rsquo;Etat Val&eacute;rie Dittli &agrave; d&eacute;missionner. M&ecirc;me si le texte est symbolique, il veut &ecirc;tre \u00ab\u00a0un message fort\u00a0\u00bb pour que la ministre centriste prenne cette d&eacute;cision par elle-m&ecirc;me.<\/p>\n","protected":false},"author":1,"featured_media":0,"comment_status":"open","ping_status":"open","sticky":false,"template":"","format":"standard","meta":{"_monsterinsights_skip_tracking":false,"_monsterinsights_sitenote_active":false,"_monsterinsights_sitenote_note":"","_monsterinsights_sitenote_category":0,"_uf_show_specific_survey":0,"_uf_disable_surveys":false,"footnotes":""},"categories":[100],"tags":[],"class_list":["post-101798","post","type-post","status-publish","format-standard","hentry","category-tech-innovation"],"aioseo_notices":[],"_links":{"self":[{"href":"https:\/\/geneveinfos.ch\/index.php\/wp-json\/wp\/v2\/posts\/101798","targetHints":{"allow":["GET"]}}],"collection":[{"href":"https:\/\/geneveinfos.ch\/index.php\/wp-json\/wp\/v2\/posts"}],"about":[{"href":"https:\/\/geneveinfos.ch\/index.php\/wp-json\/wp\/v2\/types\/post"}],"author":[{"embeddable":true,"href":"https:\/\/geneveinfos.ch\/index.php\/wp-json\/wp\/v2\/users\/1"}],"replies":[{"embeddable":true,"href":"https:\/\/geneveinfos.ch\/index.php\/wp-json\/wp\/v2\/comments?post=101798"}],"version-history":[{"count":0,"href":"https:\/\/geneveinfos.ch\/index.php\/wp-json\/wp\/v2\/posts\/101798\/revisions"}],"wp:attachment":[{"href":"https:\/\/geneveinfos.ch\/index.php\/wp-json\/wp\/v2\/media?parent=101798"}],"wp:term":[{"taxonomy":"category","embeddable":true,"href":"https:\/\/geneveinfos.ch\/index.php\/wp-json\/wp\/v2\/categories?post=101798"},{"taxonomy":"post_tag","embeddable":true,"href":"https:\/\/geneveinfos.ch\/index.php\/wp-json\/wp\/v2\/tags?post=101798"}],"curies":[{"name":"wp","href":"https:\/\/api.w.org\/{rel}","templated":true}]}}