{"id":101801,"date":"2026-04-28T17:32:44","date_gmt":"2026-04-28T15:32:44","guid":{"rendered":"https:\/\/geneveinfos.ch\/index.php\/2026\/04\/28\/incendie-a-geneve-un-blesse-grave-dans-le-feu-dune-tour-a-lancy\/"},"modified":"2026-04-28T18:11:21","modified_gmt":"2026-04-28T16:11:21","slug":"incendie-a-geneve-un-blesse-grave-dans-le-feu-dune-tour-a-lancy","status":"publish","type":"post","link":"https:\/\/geneveinfos.ch\/index.php\/2026\/04\/28\/incendie-a-geneve-un-blesse-grave-dans-le-feu-dune-tour-a-lancy\/","title":{"rendered":"Incendie \u00e0 Gen\u00e8ve: Un bless\u00e9 grave dans le feu d\u2019une tour \u00e0 Lancy"},"content":{"rendered":"<p>This <a href=\"https:\/\/www.tdg.ch\/lancy-un-incendie-dans-une-tour-fait-un-blesse-en-urgence-vitale-960257675855\" target=\"_blank\">post<\/a> was originally published on <a href=\"https:\/\/partner-feeds.publishing.tamedia.ch\/rss\/tdg\/geneve\" target=\"_blank\">this site<\/a>.<\/p><div>Les pompiers sont intervenus peu avant 10 h ce mardi dans une tour situ&eacute;e au chemin du Fief-du-Chapitre. Une personne a &eacute;t&eacute; conduite aux HUG avec un pronostic vital engag&eacute;.<\/div>\n","protected":false},"excerpt":{"rendered":"<p>This post was originally published on this site.Les pompiers sont intervenus peu avant 10 h ce mardi dans une tour situ&eacute;e au chemin du Fief-du-Chapitre. Une personne a &eacute;t&eacute; conduite aux HUG avec un pronostic vital engag&eacute;.<\/p>\n","protected":false},"author":1,"featured_media":101802,"comment_status":"open","ping_status":"open","sticky":false,"template":"","format":"standard","meta":{"_monsterinsights_skip_tracking":false,"_monsterinsights_sitenote_active":false,"_monsterinsights_sitenote_note":"","_monsterinsights_sitenote_category":0,"_uf_show_specific_survey":0,"_uf_disable_surveys":false,"footnotes":""},"categories":[97],"tags":[],"class_list":["post-101801","post","type-post","status-publish","format-standard","has-post-thumbnail","hentry","category-international-news"],"aioseo_notices":[],"_links":{"self":[{"href":"https:\/\/geneveinfos.ch\/index.php\/wp-json\/wp\/v2\/posts\/101801","targetHints":{"allow":["GET"]}}],"collection":[{"href":"https:\/\/geneveinfos.ch\/index.php\/wp-json\/wp\/v2\/posts"}],"about":[{"href":"https:\/\/geneveinfos.ch\/index.php\/wp-json\/wp\/v2\/types\/post"}],"author":[{"embeddable":true,"href":"https:\/\/geneveinfos.ch\/index.php\/wp-json\/wp\/v2\/users\/1"}],"replies":[{"embeddable":true,"href":"https:\/\/geneveinfos.ch\/index.php\/wp-json\/wp\/v2\/comments?post=101801"}],"version-history":[{"count":1,"href":"https:\/\/geneveinfos.ch\/index.php\/wp-json\/wp\/v2\/posts\/101801\/revisions"}],"predecessor-version":[{"id":101803,"href":"https:\/\/geneveinfos.ch\/index.php\/wp-json\/wp\/v2\/posts\/101801\/revisions\/101803"}],"wp:featuredmedia":[{"embeddable":true,"href":"https:\/\/geneveinfos.ch\/index.php\/wp-json\/wp\/v2\/media\/101802"}],"wp:attachment":[{"href":"https:\/\/geneveinfos.ch\/index.php\/wp-json\/wp\/v2\/media?parent=101801"}],"wp:term":[{"taxonomy":"category","embeddable":true,"href":"https:\/\/geneveinfos.ch\/index.php\/wp-json\/wp\/v2\/categories?post=101801"},{"taxonomy":"post_tag","embeddable":true,"href":"https:\/\/geneveinfos.ch\/index.php\/wp-json\/wp\/v2\/tags?post=101801"}],"curies":[{"name":"wp","href":"https:\/\/api.w.org\/{rel}","templated":true}]}}