{"id":101845,"date":"2026-04-28T19:18:05","date_gmt":"2026-04-28T17:18:05","guid":{"rendered":"https:\/\/geneveinfos.ch\/index.php\/2026\/04\/28\/sommet-a-evian-meme-interdite-la-manifestation-contre-le-g7-aura-lieu-a-geneve\/"},"modified":"2026-04-28T20:13:34","modified_gmt":"2026-04-28T18:13:34","slug":"sommet-a-evian-meme-interdite-la-manifestation-contre-le-g7-aura-lieu-a-geneve","status":"publish","type":"post","link":"https:\/\/geneveinfos.ch\/index.php\/2026\/04\/28\/sommet-a-evian-meme-interdite-la-manifestation-contre-le-g7-aura-lieu-a-geneve\/","title":{"rendered":"Sommet \u00e0 \u00c9vian: \u00abM\u00eame interdite, la manifestation contre le G7 aura lieu \u00e0 Gen\u00e8ve\u00bb"},"content":{"rendered":"<p>This <a href=\"https:\/\/www.tdg.ch\/geneve-la-coalition-no-g7-denonce-le-refus-du-village-alternatif-452538962617\" target=\"_blank\">post<\/a> was originally published on <a href=\"https:\/\/partner-feeds.publishing.tamedia.ch\/rss\/tdg\/geneve\" target=\"_blank\">this site<\/a>.<\/p><div>La coalition No G7 a d&eacute;nonc&eacute; le refus d&rsquo;un contre-sommet au parc des Bastions et les menaces contre la manifestation le lendemain.<\/div>\n","protected":false},"excerpt":{"rendered":"<p>This post was originally published on this site.La coalition No G7 a d&eacute;nonc&eacute; le refus d&rsquo;un contre-sommet au parc des Bastions et les menaces contre la manifestation le lendemain.<\/p>\n","protected":false},"author":1,"featured_media":101846,"comment_status":"open","ping_status":"open","sticky":false,"template":"","format":"standard","meta":{"_monsterinsights_skip_tracking":false,"_monsterinsights_sitenote_active":false,"_monsterinsights_sitenote_note":"","_monsterinsights_sitenote_category":0,"_uf_show_specific_survey":0,"_uf_disable_surveys":false,"footnotes":""},"categories":[97],"tags":[],"class_list":["post-101845","post","type-post","status-publish","format-standard","has-post-thumbnail","hentry","category-international-news"],"aioseo_notices":[],"_links":{"self":[{"href":"https:\/\/geneveinfos.ch\/index.php\/wp-json\/wp\/v2\/posts\/101845","targetHints":{"allow":["GET"]}}],"collection":[{"href":"https:\/\/geneveinfos.ch\/index.php\/wp-json\/wp\/v2\/posts"}],"about":[{"href":"https:\/\/geneveinfos.ch\/index.php\/wp-json\/wp\/v2\/types\/post"}],"author":[{"embeddable":true,"href":"https:\/\/geneveinfos.ch\/index.php\/wp-json\/wp\/v2\/users\/1"}],"replies":[{"embeddable":true,"href":"https:\/\/geneveinfos.ch\/index.php\/wp-json\/wp\/v2\/comments?post=101845"}],"version-history":[{"count":1,"href":"https:\/\/geneveinfos.ch\/index.php\/wp-json\/wp\/v2\/posts\/101845\/revisions"}],"predecessor-version":[{"id":101847,"href":"https:\/\/geneveinfos.ch\/index.php\/wp-json\/wp\/v2\/posts\/101845\/revisions\/101847"}],"wp:featuredmedia":[{"embeddable":true,"href":"https:\/\/geneveinfos.ch\/index.php\/wp-json\/wp\/v2\/media\/101846"}],"wp:attachment":[{"href":"https:\/\/geneveinfos.ch\/index.php\/wp-json\/wp\/v2\/media?parent=101845"}],"wp:term":[{"taxonomy":"category","embeddable":true,"href":"https:\/\/geneveinfos.ch\/index.php\/wp-json\/wp\/v2\/categories?post=101845"},{"taxonomy":"post_tag","embeddable":true,"href":"https:\/\/geneveinfos.ch\/index.php\/wp-json\/wp\/v2\/tags?post=101845"}],"curies":[{"name":"wp","href":"https:\/\/api.w.org\/{rel}","templated":true}]}}