{"id":101910,"date":"2026-04-28T21:45:21","date_gmt":"2026-04-28T19:45:21","guid":{"rendered":"https:\/\/geneveinfos.ch\/index.php\/2026\/04\/28\/voitures-electriques-byd-annonce-une-chute-de-son-benefice-net\/"},"modified":"2026-04-28T22:14:32","modified_gmt":"2026-04-28T20:14:32","slug":"voitures-electriques-byd-annonce-une-chute-de-son-benefice-net","status":"publish","type":"post","link":"https:\/\/geneveinfos.ch\/index.php\/2026\/04\/28\/voitures-electriques-byd-annonce-une-chute-de-son-benefice-net\/","title":{"rendered":"Voitures \u00e9lectriques: BYD annonce une chute de son b\u00e9n\u00e9fice net"},"content":{"rendered":"<p>This <a href=\"https:\/\/www.tdg.ch\/byd-le-geant-chinois-voit-son-benefice-chuter-de-55-338164508928\" target=\"_blank\">post<\/a> was originally published on <a href=\"https:\/\/partner-feeds.publishing.tamedia.ch\/rss\/tdg\/economie\" target=\"_blank\">this site<\/a>.<\/p><div>Le leader mondial des voitures &eacute;lectriques subit de plein fouet la guerre des prix en Chine. Malgr&eacute; tout, il poursuit son offensive en Europe et en Asie.<\/div>\n","protected":false},"excerpt":{"rendered":"<p>This post was originally published on this site.Le leader mondial des voitures &eacute;lectriques subit de plein fouet la guerre des prix en Chine. Malgr&eacute; tout, il poursuit son offensive en Europe et en Asie.<\/p>\n","protected":false},"author":1,"featured_media":101911,"comment_status":"open","ping_status":"open","sticky":false,"template":"","format":"standard","meta":{"_monsterinsights_skip_tracking":false,"_monsterinsights_sitenote_active":false,"_monsterinsights_sitenote_note":"","_monsterinsights_sitenote_category":0,"_uf_show_specific_survey":0,"_uf_disable_surveys":false,"footnotes":""},"categories":[99],"tags":[],"class_list":["post-101910","post","type-post","status-publish","format-standard","has-post-thumbnail","hentry","category-finances-negoce"],"aioseo_notices":[],"_links":{"self":[{"href":"https:\/\/geneveinfos.ch\/index.php\/wp-json\/wp\/v2\/posts\/101910","targetHints":{"allow":["GET"]}}],"collection":[{"href":"https:\/\/geneveinfos.ch\/index.php\/wp-json\/wp\/v2\/posts"}],"about":[{"href":"https:\/\/geneveinfos.ch\/index.php\/wp-json\/wp\/v2\/types\/post"}],"author":[{"embeddable":true,"href":"https:\/\/geneveinfos.ch\/index.php\/wp-json\/wp\/v2\/users\/1"}],"replies":[{"embeddable":true,"href":"https:\/\/geneveinfos.ch\/index.php\/wp-json\/wp\/v2\/comments?post=101910"}],"version-history":[{"count":1,"href":"https:\/\/geneveinfos.ch\/index.php\/wp-json\/wp\/v2\/posts\/101910\/revisions"}],"predecessor-version":[{"id":101912,"href":"https:\/\/geneveinfos.ch\/index.php\/wp-json\/wp\/v2\/posts\/101910\/revisions\/101912"}],"wp:featuredmedia":[{"embeddable":true,"href":"https:\/\/geneveinfos.ch\/index.php\/wp-json\/wp\/v2\/media\/101911"}],"wp:attachment":[{"href":"https:\/\/geneveinfos.ch\/index.php\/wp-json\/wp\/v2\/media?parent=101910"}],"wp:term":[{"taxonomy":"category","embeddable":true,"href":"https:\/\/geneveinfos.ch\/index.php\/wp-json\/wp\/v2\/categories?post=101910"},{"taxonomy":"post_tag","embeddable":true,"href":"https:\/\/geneveinfos.ch\/index.php\/wp-json\/wp\/v2\/tags?post=101910"}],"curies":[{"name":"wp","href":"https:\/\/api.w.org\/{rel}","templated":true}]}}