{"id":102102,"date":"2026-04-29T03:25:50","date_gmt":"2026-04-29T01:25:50","guid":{"rendered":"https:\/\/geneveinfos.ch\/index.php\/2026\/04\/29\/au-kosovo-le-parlement-echoue-a-nouveau-a-elire-un-chef-detat\/"},"modified":"2026-04-29T03:25:50","modified_gmt":"2026-04-29T01:25:50","slug":"au-kosovo-le-parlement-echoue-a-nouveau-a-elire-un-chef-detat","status":"publish","type":"post","link":"https:\/\/geneveinfos.ch\/index.php\/2026\/04\/29\/au-kosovo-le-parlement-echoue-a-nouveau-a-elire-un-chef-detat\/","title":{"rendered":"Au Kosovo, le Parlement \u00e9choue \u00e0 nouveau \u00e0 \u00e9lire un chef d&rsquo;Etat"},"content":{"rendered":"<p>This <a href=\"https:\/\/www.rts.ch\/info\/monde\/2026\/article\/au-kosovo-le-parlement-echoue-a-nouveau-a-elire-un-president-29226023.html?rts_source=rss_t\" target=\"_blank\">post<\/a> was originally published on <a href=\"https:\/\/www.rts.ch\/info\/toute-info\/?format=rss\/news\" target=\"_blank\">this site<\/a>.<\/p><div>\n<div><a href=\"https:\/\/www.rts.ch\/info\/monde\/2026\/article\/au-kosovo-le-parlement-echoue-a-nouveau-a-elire-un-president-29226023.html?rts_source=rss_t\"><img decoding=\"async\" src=\"https:\/\/img.rts.ch\/articles\/2026\/image\/syki1t-29226026.image?w=320&amp;h=180\"><\/a>Le Parlement du Kosovo a &eacute;chou&eacute; mardi soir &agrave; &eacute;lire un nouveau pr&eacute;sident du pays dans les d&eacute;lais pr&eacute;vus. Cet &eacute;chec ouvre la voie &agrave; de nouvelles &eacute;lections l&eacute;gislatives, les troisi&egrave;mes en un peu plus d&rsquo;un an.<\/div>\n<\/div>\n","protected":false},"excerpt":{"rendered":"<p>This post was originally published on this site. Le Parlement du Kosovo a &eacute;chou&eacute; mardi soir &agrave; &eacute;lire un nouveau pr&eacute;sident du pays dans les d&eacute;lais pr&eacute;vus. Cet &eacute;chec ouvre la voie &agrave; de nouvelles &eacute;lections l&eacute;gislatives, les troisi&egrave;mes en un peu plus d&rsquo;un an.<\/p>\n","protected":false},"author":1,"featured_media":0,"comment_status":"open","ping_status":"open","sticky":false,"template":"","format":"standard","meta":{"_monsterinsights_skip_tracking":false,"_monsterinsights_sitenote_active":false,"_monsterinsights_sitenote_note":"","_monsterinsights_sitenote_category":0,"_uf_show_specific_survey":0,"_uf_disable_surveys":false,"footnotes":""},"categories":[100],"tags":[],"class_list":["post-102102","post","type-post","status-publish","format-standard","hentry","category-tech-innovation"],"aioseo_notices":[],"_links":{"self":[{"href":"https:\/\/geneveinfos.ch\/index.php\/wp-json\/wp\/v2\/posts\/102102","targetHints":{"allow":["GET"]}}],"collection":[{"href":"https:\/\/geneveinfos.ch\/index.php\/wp-json\/wp\/v2\/posts"}],"about":[{"href":"https:\/\/geneveinfos.ch\/index.php\/wp-json\/wp\/v2\/types\/post"}],"author":[{"embeddable":true,"href":"https:\/\/geneveinfos.ch\/index.php\/wp-json\/wp\/v2\/users\/1"}],"replies":[{"embeddable":true,"href":"https:\/\/geneveinfos.ch\/index.php\/wp-json\/wp\/v2\/comments?post=102102"}],"version-history":[{"count":0,"href":"https:\/\/geneveinfos.ch\/index.php\/wp-json\/wp\/v2\/posts\/102102\/revisions"}],"wp:attachment":[{"href":"https:\/\/geneveinfos.ch\/index.php\/wp-json\/wp\/v2\/media?parent=102102"}],"wp:term":[{"taxonomy":"category","embeddable":true,"href":"https:\/\/geneveinfos.ch\/index.php\/wp-json\/wp\/v2\/categories?post=102102"},{"taxonomy":"post_tag","embeddable":true,"href":"https:\/\/geneveinfos.ch\/index.php\/wp-json\/wp\/v2\/tags?post=102102"}],"curies":[{"name":"wp","href":"https:\/\/api.w.org\/{rel}","templated":true}]}}