{"id":102274,"date":"2026-04-29T08:27:21","date_gmt":"2026-04-29T06:27:21","guid":{"rendered":"https:\/\/geneveinfos.ch\/index.php\/2026\/04\/29\/dernier-delai-jeudi-a-moutier-pour-echanger-gratuitement-ses-plaques-dimmatriculation\/"},"modified":"2026-04-29T08:27:21","modified_gmt":"2026-04-29T06:27:21","slug":"dernier-delai-jeudi-a-moutier-pour-echanger-gratuitement-ses-plaques-dimmatriculation","status":"publish","type":"post","link":"https:\/\/geneveinfos.ch\/index.php\/2026\/04\/29\/dernier-delai-jeudi-a-moutier-pour-echanger-gratuitement-ses-plaques-dimmatriculation\/","title":{"rendered":"Dernier d\u00e9lai jeudi \u00e0 Moutier pour \u00e9changer gratuitement ses plaques d&rsquo;immatriculation"},"content":{"rendered":"<p>This <a href=\"https:\/\/www.rts.ch\/info\/regions\/jura\/2026\/article\/moutier-dernier-delai-jeudi-pour-echanger-gratuitement-ses-plaques-be-29225736.html?rts_source=rss_t\" target=\"_blank\">post<\/a> was originally published on <a href=\"https:\/\/www.rts.ch\/info\/toute-info\/?format=rss\/news\" target=\"_blank\">this site<\/a>.<\/p><div>\n<div><a href=\"https:\/\/www.rts.ch\/info\/regions\/jura\/2026\/article\/moutier-dernier-delai-jeudi-pour-echanger-gratuitement-ses-plaques-be-29225736.html?rts_source=rss_t\"><img decoding=\"async\" src=\"https:\/\/img.rts.ch\/articles\/2026\/image\/2odp9e-29225774.image?w=320&amp;h=180\"><\/a>A Moutier, il ne reste que deux jours pour &eacute;changer gratuitement ses plaques bernoises contre des plaques jurassiennes. Une op&eacute;ration in&eacute;dite, li&eacute;e au transfert de la commune dans le canton du Jura, qui touche bient&ocirc;t &agrave; son terme.<\/div>\n<\/div>\n","protected":false},"excerpt":{"rendered":"<p>This post was originally published on this site. A Moutier, il ne reste que deux jours pour &eacute;changer gratuitement ses plaques bernoises contre des plaques jurassiennes. Une op&eacute;ration in&eacute;dite, li&eacute;e au transfert de la commune dans le canton du Jura, qui touche bient&ocirc;t &agrave; son terme.<\/p>\n","protected":false},"author":1,"featured_media":0,"comment_status":"open","ping_status":"open","sticky":false,"template":"","format":"standard","meta":{"_monsterinsights_skip_tracking":false,"_monsterinsights_sitenote_active":false,"_monsterinsights_sitenote_note":"","_monsterinsights_sitenote_category":0,"_uf_show_specific_survey":0,"_uf_disable_surveys":false,"footnotes":""},"categories":[100],"tags":[],"class_list":["post-102274","post","type-post","status-publish","format-standard","hentry","category-tech-innovation"],"aioseo_notices":[],"_links":{"self":[{"href":"https:\/\/geneveinfos.ch\/index.php\/wp-json\/wp\/v2\/posts\/102274","targetHints":{"allow":["GET"]}}],"collection":[{"href":"https:\/\/geneveinfos.ch\/index.php\/wp-json\/wp\/v2\/posts"}],"about":[{"href":"https:\/\/geneveinfos.ch\/index.php\/wp-json\/wp\/v2\/types\/post"}],"author":[{"embeddable":true,"href":"https:\/\/geneveinfos.ch\/index.php\/wp-json\/wp\/v2\/users\/1"}],"replies":[{"embeddable":true,"href":"https:\/\/geneveinfos.ch\/index.php\/wp-json\/wp\/v2\/comments?post=102274"}],"version-history":[{"count":0,"href":"https:\/\/geneveinfos.ch\/index.php\/wp-json\/wp\/v2\/posts\/102274\/revisions"}],"wp:attachment":[{"href":"https:\/\/geneveinfos.ch\/index.php\/wp-json\/wp\/v2\/media?parent=102274"}],"wp:term":[{"taxonomy":"category","embeddable":true,"href":"https:\/\/geneveinfos.ch\/index.php\/wp-json\/wp\/v2\/categories?post=102274"},{"taxonomy":"post_tag","embeddable":true,"href":"https:\/\/geneveinfos.ch\/index.php\/wp-json\/wp\/v2\/tags?post=102274"}],"curies":[{"name":"wp","href":"https:\/\/api.w.org\/{rel}","templated":true}]}}