{"id":102310,"date":"2026-04-29T09:43:22","date_gmt":"2026-04-29T07:43:22","guid":{"rendered":"https:\/\/geneveinfos.ch\/index.php\/2026\/04\/29\/en-ukraine-le-delegue-federal-suisse-jacques-gerber-controle-laide-sur-le-terrain\/"},"modified":"2026-04-29T09:43:22","modified_gmt":"2026-04-29T07:43:22","slug":"en-ukraine-le-delegue-federal-suisse-jacques-gerber-controle-laide-sur-le-terrain","status":"publish","type":"post","link":"https:\/\/geneveinfos.ch\/index.php\/2026\/04\/29\/en-ukraine-le-delegue-federal-suisse-jacques-gerber-controle-laide-sur-le-terrain\/","title":{"rendered":"En Ukraine, le d\u00e9l\u00e9gu\u00e9 f\u00e9d\u00e9ral suisse Jacques Gerber contr\u00f4le l&rsquo;aide sur le terrain"},"content":{"rendered":"<p>This <a href=\"https:\/\/www.rts.ch\/info\/monde\/2026\/article\/jacques-gerber-controle-l-aide-suisse-en-ukraine-pour-1-5-milliard-29226169.html?rts_source=rss_t\" target=\"_blank\">post<\/a> was originally published on <a href=\"https:\/\/www.rts.ch\/info\/toute-info\/?format=rss\/news\" target=\"_blank\">this site<\/a>.<\/p><div>\n<div><a href=\"https:\/\/www.rts.ch\/info\/monde\/2026\/article\/jacques-gerber-controle-l-aide-suisse-en-ukraine-pour-1-5-milliard-29226169.html?rts_source=rss_t\"><img decoding=\"async\" src=\"https:\/\/img.rts.ch\/articles\/2026\/image\/tucuy1-29226185.image?w=320&amp;h=180\"><\/a>Le d&eacute;l&eacute;gu&eacute; du Conseil f&eacute;d&eacute;ral en Ukraine, Jacques Gerber, est en d&eacute;placement dans la r&eacute;gion d&rsquo;Odessa pour contr&ocirc;ler l&rsquo;aide suisse d&rsquo;un montant de 1,5 milliard d&rsquo;ici 2028. Elle doit permettre le redressement &eacute;conomique des services publics et la protection des civils, avec notamment un traitement de l&rsquo;eau dont les infrastructures sont attaqu&eacute;es dans le cadre de la guerre.<\/div>\n<\/div>\n","protected":false},"excerpt":{"rendered":"<p>This post was originally published on this site. Le d&eacute;l&eacute;gu&eacute; du Conseil f&eacute;d&eacute;ral en Ukraine, Jacques Gerber, est en d&eacute;placement dans la r&eacute;gion d&rsquo;Odessa pour contr&ocirc;ler l&rsquo;aide suisse d&rsquo;un montant de 1,5 milliard d&rsquo;ici 2028. Elle doit permettre le redressement &eacute;conomique des services publics et la protection des civils, avec notamment un traitement de l&rsquo;eau [&hellip;]<\/p>\n","protected":false},"author":1,"featured_media":0,"comment_status":"open","ping_status":"open","sticky":false,"template":"","format":"standard","meta":{"_monsterinsights_skip_tracking":false,"_monsterinsights_sitenote_active":false,"_monsterinsights_sitenote_note":"","_monsterinsights_sitenote_category":0,"_uf_show_specific_survey":0,"_uf_disable_surveys":false,"footnotes":""},"categories":[100],"tags":[],"class_list":["post-102310","post","type-post","status-publish","format-standard","hentry","category-tech-innovation"],"aioseo_notices":[],"_links":{"self":[{"href":"https:\/\/geneveinfos.ch\/index.php\/wp-json\/wp\/v2\/posts\/102310","targetHints":{"allow":["GET"]}}],"collection":[{"href":"https:\/\/geneveinfos.ch\/index.php\/wp-json\/wp\/v2\/posts"}],"about":[{"href":"https:\/\/geneveinfos.ch\/index.php\/wp-json\/wp\/v2\/types\/post"}],"author":[{"embeddable":true,"href":"https:\/\/geneveinfos.ch\/index.php\/wp-json\/wp\/v2\/users\/1"}],"replies":[{"embeddable":true,"href":"https:\/\/geneveinfos.ch\/index.php\/wp-json\/wp\/v2\/comments?post=102310"}],"version-history":[{"count":0,"href":"https:\/\/geneveinfos.ch\/index.php\/wp-json\/wp\/v2\/posts\/102310\/revisions"}],"wp:attachment":[{"href":"https:\/\/geneveinfos.ch\/index.php\/wp-json\/wp\/v2\/media?parent=102310"}],"wp:term":[{"taxonomy":"category","embeddable":true,"href":"https:\/\/geneveinfos.ch\/index.php\/wp-json\/wp\/v2\/categories?post=102310"},{"taxonomy":"post_tag","embeddable":true,"href":"https:\/\/geneveinfos.ch\/index.php\/wp-json\/wp\/v2\/tags?post=102310"}],"curies":[{"name":"wp","href":"https:\/\/api.w.org\/{rel}","templated":true}]}}