{"id":102499,"date":"2026-04-29T15:02:37","date_gmt":"2026-04-29T13:02:37","guid":{"rendered":"https:\/\/geneveinfos.ch\/index.php\/2026\/04\/29\/vie-de-quartier-a-geneve-une-grande-fete-de-quartier-animera-soubeyran-en-mai-2026\/"},"modified":"2026-04-29T15:02:37","modified_gmt":"2026-04-29T13:02:37","slug":"vie-de-quartier-a-geneve-une-grande-fete-de-quartier-animera-soubeyran-en-mai-2026","status":"publish","type":"post","link":"https:\/\/geneveinfos.ch\/index.php\/2026\/04\/29\/vie-de-quartier-a-geneve-une-grande-fete-de-quartier-animera-soubeyran-en-mai-2026\/","title":{"rendered":"Vie de quartier \u00e0 Gen\u00e8ve: Une grande f\u00eate de quartier animera Soubeyran en mai 2026"},"content":{"rendered":"<p>This <a href=\"https:\/\/www.tdg.ch\/soubeyran-geneve-fete-son-quartier-le-9-mai-907537757242\" target=\"_blank\">post<\/a> was originally published on <a href=\"https:\/\/partner-feeds.publishing.tamedia.ch\/rss\/tdg\/geneve\" target=\"_blank\">this site<\/a>.<\/p><p>L\u2019Espace de quartier Soubeyran accueille une journ\u00e9e festive le 9\u00a0mai, ouverte \u00e0 toutes et tous. Musique, ateliers artistiques et animations pour enfants rythmeront ce rendez-vous interg\u00e9n\u00e9rationnel.<\/p>\n","protected":false},"excerpt":{"rendered":"<p>This post was originally published on this site.L\u2019Espace de quartier Soubeyran accueille une journ\u00e9e festive le 9\u00a0mai, ouverte \u00e0 toutes et tous. Musique, ateliers artistiques et animations pour enfants rythmeront ce rendez-vous interg\u00e9n\u00e9rationnel.<\/p>\n","protected":false},"author":1,"featured_media":0,"comment_status":"open","ping_status":"open","sticky":false,"template":"","format":"standard","meta":{"_monsterinsights_skip_tracking":false,"_monsterinsights_sitenote_active":false,"_monsterinsights_sitenote_note":"","_monsterinsights_sitenote_category":0,"_uf_show_specific_survey":0,"_uf_disable_surveys":false,"footnotes":""},"categories":[97],"tags":[],"class_list":["post-102499","post","type-post","status-publish","format-standard","hentry","category-international-news"],"aioseo_notices":[],"_links":{"self":[{"href":"https:\/\/geneveinfos.ch\/index.php\/wp-json\/wp\/v2\/posts\/102499","targetHints":{"allow":["GET"]}}],"collection":[{"href":"https:\/\/geneveinfos.ch\/index.php\/wp-json\/wp\/v2\/posts"}],"about":[{"href":"https:\/\/geneveinfos.ch\/index.php\/wp-json\/wp\/v2\/types\/post"}],"author":[{"embeddable":true,"href":"https:\/\/geneveinfos.ch\/index.php\/wp-json\/wp\/v2\/users\/1"}],"replies":[{"embeddable":true,"href":"https:\/\/geneveinfos.ch\/index.php\/wp-json\/wp\/v2\/comments?post=102499"}],"version-history":[{"count":0,"href":"https:\/\/geneveinfos.ch\/index.php\/wp-json\/wp\/v2\/posts\/102499\/revisions"}],"wp:attachment":[{"href":"https:\/\/geneveinfos.ch\/index.php\/wp-json\/wp\/v2\/media?parent=102499"}],"wp:term":[{"taxonomy":"category","embeddable":true,"href":"https:\/\/geneveinfos.ch\/index.php\/wp-json\/wp\/v2\/categories?post=102499"},{"taxonomy":"post_tag","embeddable":true,"href":"https:\/\/geneveinfos.ch\/index.php\/wp-json\/wp\/v2\/tags?post=102499"}],"curies":[{"name":"wp","href":"https:\/\/api.w.org\/{rel}","templated":true}]}}