{"id":102583,"date":"2026-04-29T16:37:14","date_gmt":"2026-04-29T14:37:14","guid":{"rendered":"https:\/\/geneveinfos.ch\/index.php\/2026\/04\/29\/sommet-a-evian-des-chambres-dhotel-occupees-par-des-migrants-devront-etre-liberees-en-vue-du-g7\/"},"modified":"2026-04-29T17:36:41","modified_gmt":"2026-04-29T15:36:41","slug":"sommet-a-evian-des-chambres-dhotel-occupees-par-des-migrants-devront-etre-liberees-en-vue-du-g7","status":"publish","type":"post","link":"https:\/\/geneveinfos.ch\/index.php\/2026\/04\/29\/sommet-a-evian-des-chambres-dhotel-occupees-par-des-migrants-devront-etre-liberees-en-vue-du-g7\/","title":{"rendered":"Sommet \u00e0 \u00c9vian: Des chambres d\u2019h\u00f4tel, occup\u00e9es par des migrants, devront \u00eatre lib\u00e9r\u00e9es en vue du G7"},"content":{"rendered":"<p>This <a href=\"https:\/\/www.tdg.ch\/migrants-a-geneve-les-hotels-devront-etre-liberes-pour-le-g7-556204368037\" target=\"_blank\">post<\/a> was originally published on <a href=\"https:\/\/partner-feeds.publishing.tamedia.ch\/rss\/tdg\/geneve\" target=\"_blank\">this site<\/a>.<\/p><div>Plus de 140&nbsp;requ&eacute;rants d&rsquo;asile ont &eacute;t&eacute; log&eacute;s &agrave; l&rsquo;h&ocirc;tel ces derniers mois &agrave; Gen&egrave;ve, faute de places d&rsquo;h&eacute;bergement. L&rsquo;Hospice a d&ucirc; trouver des solutions pour les reloger dans un dispositif satur&eacute;.<\/div>\n","protected":false},"excerpt":{"rendered":"<p>This post was originally published on this site.Plus de 140&nbsp;requ&eacute;rants d&rsquo;asile ont &eacute;t&eacute; log&eacute;s &agrave; l&rsquo;h&ocirc;tel ces derniers mois &agrave; Gen&egrave;ve, faute de places d&rsquo;h&eacute;bergement. L&rsquo;Hospice a d&ucirc; trouver des solutions pour les reloger dans un dispositif satur&eacute;.<\/p>\n","protected":false},"author":1,"featured_media":102584,"comment_status":"open","ping_status":"open","sticky":false,"template":"","format":"standard","meta":{"_monsterinsights_skip_tracking":false,"_monsterinsights_sitenote_active":false,"_monsterinsights_sitenote_note":"","_monsterinsights_sitenote_category":0,"_uf_show_specific_survey":0,"_uf_disable_surveys":false,"footnotes":""},"categories":[97],"tags":[],"class_list":["post-102583","post","type-post","status-publish","format-standard","has-post-thumbnail","hentry","category-international-news"],"aioseo_notices":[],"_links":{"self":[{"href":"https:\/\/geneveinfos.ch\/index.php\/wp-json\/wp\/v2\/posts\/102583","targetHints":{"allow":["GET"]}}],"collection":[{"href":"https:\/\/geneveinfos.ch\/index.php\/wp-json\/wp\/v2\/posts"}],"about":[{"href":"https:\/\/geneveinfos.ch\/index.php\/wp-json\/wp\/v2\/types\/post"}],"author":[{"embeddable":true,"href":"https:\/\/geneveinfos.ch\/index.php\/wp-json\/wp\/v2\/users\/1"}],"replies":[{"embeddable":true,"href":"https:\/\/geneveinfos.ch\/index.php\/wp-json\/wp\/v2\/comments?post=102583"}],"version-history":[{"count":0,"href":"https:\/\/geneveinfos.ch\/index.php\/wp-json\/wp\/v2\/posts\/102583\/revisions"}],"wp:featuredmedia":[{"embeddable":true,"href":"https:\/\/geneveinfos.ch\/index.php\/wp-json\/wp\/v2\/media\/102584"}],"wp:attachment":[{"href":"https:\/\/geneveinfos.ch\/index.php\/wp-json\/wp\/v2\/media?parent=102583"}],"wp:term":[{"taxonomy":"category","embeddable":true,"href":"https:\/\/geneveinfos.ch\/index.php\/wp-json\/wp\/v2\/categories?post=102583"},{"taxonomy":"post_tag","embeddable":true,"href":"https:\/\/geneveinfos.ch\/index.php\/wp-json\/wp\/v2\/tags?post=102583"}],"curies":[{"name":"wp","href":"https:\/\/api.w.org\/{rel}","templated":true}]}}