{"id":102669,"date":"2026-04-29T06:38:11","date_gmt":"2026-04-29T04:38:11","guid":{"rendered":"https:\/\/geneveinfos.ch\/index.php\/2026\/04\/29\/justice-genevoise-une-enseignante-accusee-davoir-casse-le-bras-de-son-eleve-est-acquittee\/"},"modified":"2026-04-29T19:40:29","modified_gmt":"2026-04-29T17:40:29","slug":"justice-genevoise-une-enseignante-accusee-davoir-casse-le-bras-de-son-eleve-est-acquittee","status":"publish","type":"post","link":"https:\/\/geneveinfos.ch\/index.php\/2026\/04\/29\/justice-genevoise-une-enseignante-accusee-davoir-casse-le-bras-de-son-eleve-est-acquittee\/","title":{"rendered":"Justice genevoise: Une enseignante accus\u00e9e d\u2019avoir cass\u00e9 le bras de son \u00e9l\u00e8ve est acquitt\u00e9e"},"content":{"rendered":"<p>This <a href=\"https:\/\/www.tdg.ch\/geneve-une-enseignante-accusee-davoir-casse-le-bras-de-son-eleve-703979936883\" target=\"_blank\">post<\/a> was originally published on <a href=\"https:\/\/partner-feeds.publishing.tamedia.ch\/rss\/tdg\/geneve\" target=\"_blank\">this site<\/a>.<\/p><div>La pr&eacute;venue contestait une condamnation par ordonnance p&eacute;nale. Le Tribunal de police lui a donn&eacute; raison.<\/div>\n","protected":false},"excerpt":{"rendered":"<p>This post was originally published on this site.La pr&eacute;venue contestait une condamnation par ordonnance p&eacute;nale. Le Tribunal de police lui a donn&eacute; raison.<\/p>\n","protected":false},"author":1,"featured_media":102670,"comment_status":"open","ping_status":"open","sticky":false,"template":"","format":"standard","meta":{"_monsterinsights_skip_tracking":false,"_monsterinsights_sitenote_active":false,"_monsterinsights_sitenote_note":"","_monsterinsights_sitenote_category":0,"_uf_show_specific_survey":0,"_uf_disable_surveys":false,"footnotes":""},"categories":[97],"tags":[],"class_list":["post-102669","post","type-post","status-publish","format-standard","has-post-thumbnail","hentry","category-international-news"],"aioseo_notices":[],"_links":{"self":[{"href":"https:\/\/geneveinfos.ch\/index.php\/wp-json\/wp\/v2\/posts\/102669","targetHints":{"allow":["GET"]}}],"collection":[{"href":"https:\/\/geneveinfos.ch\/index.php\/wp-json\/wp\/v2\/posts"}],"about":[{"href":"https:\/\/geneveinfos.ch\/index.php\/wp-json\/wp\/v2\/types\/post"}],"author":[{"embeddable":true,"href":"https:\/\/geneveinfos.ch\/index.php\/wp-json\/wp\/v2\/users\/1"}],"replies":[{"embeddable":true,"href":"https:\/\/geneveinfos.ch\/index.php\/wp-json\/wp\/v2\/comments?post=102669"}],"version-history":[{"count":0,"href":"https:\/\/geneveinfos.ch\/index.php\/wp-json\/wp\/v2\/posts\/102669\/revisions"}],"wp:featuredmedia":[{"embeddable":true,"href":"https:\/\/geneveinfos.ch\/index.php\/wp-json\/wp\/v2\/media\/102670"}],"wp:attachment":[{"href":"https:\/\/geneveinfos.ch\/index.php\/wp-json\/wp\/v2\/media?parent=102669"}],"wp:term":[{"taxonomy":"category","embeddable":true,"href":"https:\/\/geneveinfos.ch\/index.php\/wp-json\/wp\/v2\/categories?post=102669"},{"taxonomy":"post_tag","embeddable":true,"href":"https:\/\/geneveinfos.ch\/index.php\/wp-json\/wp\/v2\/tags?post=102669"}],"curies":[{"name":"wp","href":"https:\/\/api.w.org\/{rel}","templated":true}]}}