{"id":102706,"date":"2026-04-29T19:48:22","date_gmt":"2026-04-29T17:48:22","guid":{"rendered":"https:\/\/geneveinfos.ch\/index.php\/2026\/04\/29\/union-europeenne-la-reforme-des-travailleurs-frontaliers-recoit-un-nouveau-soutien\/"},"modified":"2026-04-29T20:41:11","modified_gmt":"2026-04-29T18:41:11","slug":"union-europeenne-la-reforme-des-travailleurs-frontaliers-recoit-un-nouveau-soutien","status":"publish","type":"post","link":"https:\/\/geneveinfos.ch\/index.php\/2026\/04\/29\/union-europeenne-la-reforme-des-travailleurs-frontaliers-recoit-un-nouveau-soutien\/","title":{"rendered":"Union europ\u00e9enne: La r\u00e9forme des travailleurs frontaliers re\u00e7oit un nouveau soutien"},"content":{"rendered":"<p>This <a href=\"https:\/\/www.tdg.ch\/frontaliers-lue-veut-reformer-lassurance-chomage-603539797879\" target=\"_blank\">post<\/a> was originally published on <a href=\"https:\/\/partner-feeds.publishing.tamedia.ch\/rss\/tdg\/economie\" target=\"_blank\">this site<\/a>.<\/p><div>Le Conseil de l&rsquo;UE a donn&eacute; son avis favorable &agrave; ces mesures qui pourraient p&eacute;naliser la Suisse, forc&eacute;e alors de financer les prestations ch&ocirc;mage des travailleurs mobiles.<\/div>\n","protected":false},"excerpt":{"rendered":"<p>This post was originally published on this site.Le Conseil de l&rsquo;UE a donn&eacute; son avis favorable &agrave; ces mesures qui pourraient p&eacute;naliser la Suisse, forc&eacute;e alors de financer les prestations ch&ocirc;mage des travailleurs mobiles.<\/p>\n","protected":false},"author":1,"featured_media":102707,"comment_status":"open","ping_status":"open","sticky":false,"template":"","format":"standard","meta":{"_monsterinsights_skip_tracking":false,"_monsterinsights_sitenote_active":false,"_monsterinsights_sitenote_note":"","_monsterinsights_sitenote_category":0,"_uf_show_specific_survey":0,"_uf_disable_surveys":false,"footnotes":""},"categories":[99],"tags":[],"class_list":["post-102706","post","type-post","status-publish","format-standard","has-post-thumbnail","hentry","category-finances-negoce"],"aioseo_notices":[],"_links":{"self":[{"href":"https:\/\/geneveinfos.ch\/index.php\/wp-json\/wp\/v2\/posts\/102706","targetHints":{"allow":["GET"]}}],"collection":[{"href":"https:\/\/geneveinfos.ch\/index.php\/wp-json\/wp\/v2\/posts"}],"about":[{"href":"https:\/\/geneveinfos.ch\/index.php\/wp-json\/wp\/v2\/types\/post"}],"author":[{"embeddable":true,"href":"https:\/\/geneveinfos.ch\/index.php\/wp-json\/wp\/v2\/users\/1"}],"replies":[{"embeddable":true,"href":"https:\/\/geneveinfos.ch\/index.php\/wp-json\/wp\/v2\/comments?post=102706"}],"version-history":[{"count":0,"href":"https:\/\/geneveinfos.ch\/index.php\/wp-json\/wp\/v2\/posts\/102706\/revisions"}],"wp:featuredmedia":[{"embeddable":true,"href":"https:\/\/geneveinfos.ch\/index.php\/wp-json\/wp\/v2\/media\/102707"}],"wp:attachment":[{"href":"https:\/\/geneveinfos.ch\/index.php\/wp-json\/wp\/v2\/media?parent=102706"}],"wp:term":[{"taxonomy":"category","embeddable":true,"href":"https:\/\/geneveinfos.ch\/index.php\/wp-json\/wp\/v2\/categories?post=102706"},{"taxonomy":"post_tag","embeddable":true,"href":"https:\/\/geneveinfos.ch\/index.php\/wp-json\/wp\/v2\/tags?post=102706"}],"curies":[{"name":"wp","href":"https:\/\/api.w.org\/{rel}","templated":true}]}}