{"id":102711,"date":"2026-04-29T20:10:41","date_gmt":"2026-04-29T18:10:41","guid":{"rendered":"https:\/\/geneveinfos.ch\/index.php\/2026\/04\/29\/logement-a-geneve-des-locataires-toujours-en-lutte-contre-la-demolition-de-leur-immeuble\/"},"modified":"2026-04-29T20:41:12","modified_gmt":"2026-04-29T18:41:12","slug":"logement-a-geneve-des-locataires-toujours-en-lutte-contre-la-demolition-de-leur-immeuble","status":"publish","type":"post","link":"https:\/\/geneveinfos.ch\/index.php\/2026\/04\/29\/logement-a-geneve-des-locataires-toujours-en-lutte-contre-la-demolition-de-leur-immeuble\/","title":{"rendered":"Logement \u00e0 Gen\u00e8ve: Des locataires toujours en lutte contre la d\u00e9molition de leur immeuble"},"content":{"rendered":"<p>This <a href=\"https:\/\/www.tdg.ch\/geneve-les-locataires-de-la-place-des-augustins-poursuivent-leur-lutte-321503064922\" target=\"_blank\">post<\/a> was originally published on <a href=\"https:\/\/partner-feeds.publishing.tamedia.ch\/rss\/tdg\/geneve\" target=\"_blank\">this site<\/a>.<\/p><div>Les habitants r&eacute;sistant &agrave; un projet de d&eacute;molition-reconstruction ont organis&eacute; une f&ecirc;te de quartier ce mercredi, &agrave; la place des Augustins.<\/div>\n","protected":false},"excerpt":{"rendered":"<p>This post was originally published on this site.Les habitants r&eacute;sistant &agrave; un projet de d&eacute;molition-reconstruction ont organis&eacute; une f&ecirc;te de quartier ce mercredi, &agrave; la place des Augustins.<\/p>\n","protected":false},"author":1,"featured_media":102712,"comment_status":"open","ping_status":"open","sticky":false,"template":"","format":"standard","meta":{"_monsterinsights_skip_tracking":false,"_monsterinsights_sitenote_active":false,"_monsterinsights_sitenote_note":"","_monsterinsights_sitenote_category":0,"_uf_show_specific_survey":0,"_uf_disable_surveys":false,"footnotes":""},"categories":[97],"tags":[],"class_list":["post-102711","post","type-post","status-publish","format-standard","has-post-thumbnail","hentry","category-international-news"],"aioseo_notices":[],"_links":{"self":[{"href":"https:\/\/geneveinfos.ch\/index.php\/wp-json\/wp\/v2\/posts\/102711","targetHints":{"allow":["GET"]}}],"collection":[{"href":"https:\/\/geneveinfos.ch\/index.php\/wp-json\/wp\/v2\/posts"}],"about":[{"href":"https:\/\/geneveinfos.ch\/index.php\/wp-json\/wp\/v2\/types\/post"}],"author":[{"embeddable":true,"href":"https:\/\/geneveinfos.ch\/index.php\/wp-json\/wp\/v2\/users\/1"}],"replies":[{"embeddable":true,"href":"https:\/\/geneveinfos.ch\/index.php\/wp-json\/wp\/v2\/comments?post=102711"}],"version-history":[{"count":0,"href":"https:\/\/geneveinfos.ch\/index.php\/wp-json\/wp\/v2\/posts\/102711\/revisions"}],"wp:featuredmedia":[{"embeddable":true,"href":"https:\/\/geneveinfos.ch\/index.php\/wp-json\/wp\/v2\/media\/102712"}],"wp:attachment":[{"href":"https:\/\/geneveinfos.ch\/index.php\/wp-json\/wp\/v2\/media?parent=102711"}],"wp:term":[{"taxonomy":"category","embeddable":true,"href":"https:\/\/geneveinfos.ch\/index.php\/wp-json\/wp\/v2\/categories?post=102711"},{"taxonomy":"post_tag","embeddable":true,"href":"https:\/\/geneveinfos.ch\/index.php\/wp-json\/wp\/v2\/tags?post=102711"}],"curies":[{"name":"wp","href":"https:\/\/api.w.org\/{rel}","templated":true}]}}