{"id":102894,"date":"2026-04-29T23:55:11","date_gmt":"2026-04-29T21:55:11","guid":{"rendered":"https:\/\/geneveinfos.ch\/index.php\/2026\/04\/29\/le-canton-du-jura-etudie-un-impot-sur-les-residences-secondaires\/"},"modified":"2026-04-29T23:55:11","modified_gmt":"2026-04-29T21:55:11","slug":"le-canton-du-jura-etudie-un-impot-sur-les-residences-secondaires","status":"publish","type":"post","link":"https:\/\/geneveinfos.ch\/index.php\/2026\/04\/29\/le-canton-du-jura-etudie-un-impot-sur-les-residences-secondaires\/","title":{"rendered":"Le canton du Jura \u00e9tudie un imp\u00f4t sur les r\u00e9sidences secondaires"},"content":{"rendered":"<p>This <a href=\"https:\/\/www.rts.ch\/info\/regions\/jura\/2026\/article\/le-jura-etudie-un-impot-sur-les-residences-secondaires-apres-la-valeur-locative-29227249.html?rts_source=rss_t\" target=\"_blank\">post<\/a> was originally published on <a href=\"https:\/\/www.rts.ch\/info\/toute-info\/?format=rss\/news\" target=\"_blank\">this site<\/a>.<\/p><div>\n<div><a href=\"https:\/\/www.rts.ch\/info\/regions\/jura\/2026\/article\/le-jura-etudie-un-impot-sur-les-residences-secondaires-apres-la-valeur-locative-29227249.html?rts_source=rss_t\"><img decoding=\"async\" src=\"https:\/\/img.rts.ch\/medias\/2026\/image\/i2xefh-29227110.image?w=320&amp;h=180\"><\/a>Apr&egrave;s l&rsquo;abandon de la taxation de la valeur locative, le gouvernement jurassien va &eacute;tudier les options envisageables pour pr&eacute;lever un imp&ocirc;t immobilier sur les r&eacute;sidences secondaires. La perte de rentr&eacute;es fiscales est estim&eacute;e &agrave; 5 millions de francs par ann&eacute;e pour les caisses de l&rsquo;Etat jurassien et &agrave; 4 millions pour les communes.<\/div>\n<\/div>\n","protected":false},"excerpt":{"rendered":"<p>This post was originally published on this site. Apr&egrave;s l&rsquo;abandon de la taxation de la valeur locative, le gouvernement jurassien va &eacute;tudier les options envisageables pour pr&eacute;lever un imp&ocirc;t immobilier sur les r&eacute;sidences secondaires. La perte de rentr&eacute;es fiscales est estim&eacute;e &agrave; 5 millions de francs par ann&eacute;e pour les caisses de l&rsquo;Etat jurassien et [&hellip;]<\/p>\n","protected":false},"author":1,"featured_media":0,"comment_status":"open","ping_status":"open","sticky":false,"template":"","format":"standard","meta":{"_monsterinsights_skip_tracking":false,"_monsterinsights_sitenote_active":false,"_monsterinsights_sitenote_note":"","_monsterinsights_sitenote_category":0,"_uf_show_specific_survey":0,"_uf_disable_surveys":false,"footnotes":""},"categories":[100],"tags":[],"class_list":["post-102894","post","type-post","status-publish","format-standard","hentry","category-tech-innovation"],"aioseo_notices":[],"_links":{"self":[{"href":"https:\/\/geneveinfos.ch\/index.php\/wp-json\/wp\/v2\/posts\/102894","targetHints":{"allow":["GET"]}}],"collection":[{"href":"https:\/\/geneveinfos.ch\/index.php\/wp-json\/wp\/v2\/posts"}],"about":[{"href":"https:\/\/geneveinfos.ch\/index.php\/wp-json\/wp\/v2\/types\/post"}],"author":[{"embeddable":true,"href":"https:\/\/geneveinfos.ch\/index.php\/wp-json\/wp\/v2\/users\/1"}],"replies":[{"embeddable":true,"href":"https:\/\/geneveinfos.ch\/index.php\/wp-json\/wp\/v2\/comments?post=102894"}],"version-history":[{"count":0,"href":"https:\/\/geneveinfos.ch\/index.php\/wp-json\/wp\/v2\/posts\/102894\/revisions"}],"wp:attachment":[{"href":"https:\/\/geneveinfos.ch\/index.php\/wp-json\/wp\/v2\/media?parent=102894"}],"wp:term":[{"taxonomy":"category","embeddable":true,"href":"https:\/\/geneveinfos.ch\/index.php\/wp-json\/wp\/v2\/categories?post=102894"},{"taxonomy":"post_tag","embeddable":true,"href":"https:\/\/geneveinfos.ch\/index.php\/wp-json\/wp\/v2\/tags?post=102894"}],"curies":[{"name":"wp","href":"https:\/\/api.w.org\/{rel}","templated":true}]}}