{"id":103001,"date":"2026-04-30T03:57:56","date_gmt":"2026-04-30T01:57:56","guid":{"rendered":"https:\/\/geneveinfos.ch\/index.php\/2026\/04\/30\/reserve-federale-americaine-jerome-powell-refuse-de-quitter-la-fed-et-provoque-la-colere-de-trump\/"},"modified":"2026-04-30T04:47:58","modified_gmt":"2026-04-30T02:47:58","slug":"reserve-federale-americaine-jerome-powell-refuse-de-quitter-la-fed-et-provoque-la-colere-de-trump","status":"publish","type":"post","link":"https:\/\/geneveinfos.ch\/index.php\/2026\/04\/30\/reserve-federale-americaine-jerome-powell-refuse-de-quitter-la-fed-et-provoque-la-colere-de-trump\/","title":{"rendered":"R\u00e9serve f\u00e9d\u00e9rale am\u00e9ricaine: Jerome Powell refuse de quitter la Fed et provoque la col\u00e8re de Trump"},"content":{"rendered":"<p>This <a href=\"https:\/\/www.tdg.ch\/powell-il-restera-gouverneur-de-la-fed-malgre-la-colere-de-trump-469834995659\" target=\"_blank\">post<\/a> was originally published on <a href=\"https:\/\/partner-feeds.publishing.tamedia.ch\/rss\/tdg\/economie\" target=\"_blank\">this site<\/a>.<\/p><div>Le pr&eacute;sident de la Fed a annonc&eacute; mercredi qu&rsquo;il resterait au conseil des gouverneurs apr&egrave;s la fin de son mandat mi-mai.<\/div>\n","protected":false},"excerpt":{"rendered":"<p>This post was originally published on this site.Le pr&eacute;sident de la Fed a annonc&eacute; mercredi qu&rsquo;il resterait au conseil des gouverneurs apr&egrave;s la fin de son mandat mi-mai.<\/p>\n","protected":false},"author":1,"featured_media":103002,"comment_status":"open","ping_status":"open","sticky":false,"template":"","format":"standard","meta":{"_monsterinsights_skip_tracking":false,"_monsterinsights_sitenote_active":false,"_monsterinsights_sitenote_note":"","_monsterinsights_sitenote_category":0,"_uf_show_specific_survey":0,"_uf_disable_surveys":false,"footnotes":""},"categories":[99],"tags":[],"class_list":["post-103001","post","type-post","status-publish","format-standard","has-post-thumbnail","hentry","category-finances-negoce"],"aioseo_notices":[],"_links":{"self":[{"href":"https:\/\/geneveinfos.ch\/index.php\/wp-json\/wp\/v2\/posts\/103001","targetHints":{"allow":["GET"]}}],"collection":[{"href":"https:\/\/geneveinfos.ch\/index.php\/wp-json\/wp\/v2\/posts"}],"about":[{"href":"https:\/\/geneveinfos.ch\/index.php\/wp-json\/wp\/v2\/types\/post"}],"author":[{"embeddable":true,"href":"https:\/\/geneveinfos.ch\/index.php\/wp-json\/wp\/v2\/users\/1"}],"replies":[{"embeddable":true,"href":"https:\/\/geneveinfos.ch\/index.php\/wp-json\/wp\/v2\/comments?post=103001"}],"version-history":[{"count":0,"href":"https:\/\/geneveinfos.ch\/index.php\/wp-json\/wp\/v2\/posts\/103001\/revisions"}],"wp:featuredmedia":[{"embeddable":true,"href":"https:\/\/geneveinfos.ch\/index.php\/wp-json\/wp\/v2\/media\/103002"}],"wp:attachment":[{"href":"https:\/\/geneveinfos.ch\/index.php\/wp-json\/wp\/v2\/media?parent=103001"}],"wp:term":[{"taxonomy":"category","embeddable":true,"href":"https:\/\/geneveinfos.ch\/index.php\/wp-json\/wp\/v2\/categories?post=103001"},{"taxonomy":"post_tag","embeddable":true,"href":"https:\/\/geneveinfos.ch\/index.php\/wp-json\/wp\/v2\/tags?post=103001"}],"curies":[{"name":"wp","href":"https:\/\/api.w.org\/{rel}","templated":true}]}}