{"id":103076,"date":"2026-04-29T18:35:07","date_gmt":"2026-04-29T16:35:07","guid":{"rendered":"https:\/\/geneveinfos.ch\/index.php\/2026\/04\/29\/evenement-a-collonge-le-festival-du-lac-accueillera-le-controverse-boualem-sansal\/"},"modified":"2026-04-30T06:52:27","modified_gmt":"2026-04-30T04:52:27","slug":"evenement-a-collonge-le-festival-du-lac-accueillera-le-controverse-boualem-sansal","status":"publish","type":"post","link":"https:\/\/geneveinfos.ch\/index.php\/2026\/04\/29\/evenement-a-collonge-le-festival-du-lac-accueillera-le-controverse-boualem-sansal\/","title":{"rendered":"\u00c9v\u00e9nement \u00e0 Collonge: Le Festival du L\u00c0C accueillera le controvers\u00e9 Boualem Sansal"},"content":{"rendered":"<p>This <a href=\"https:\/\/www.tdg.ch\/boualem-sansal-lecrivain-controverse-attendu-a-collonge-bellerive-609571349238\" target=\"_blank\">post<\/a> was originally published on <a href=\"https:\/\/partner-feeds.publishing.tamedia.ch\/rss\/tdg\/geneve\" target=\"_blank\">this site<\/a>.<\/p><div>Le festival litt&eacute;raire, qui aura lieu d&eacute;but juin, recevra l&rsquo;auteur franco-alg&eacute;rien qui suscite la pol&eacute;mique en France.<\/div>\n","protected":false},"excerpt":{"rendered":"<p>This post was originally published on this site.Le festival litt&eacute;raire, qui aura lieu d&eacute;but juin, recevra l&rsquo;auteur franco-alg&eacute;rien qui suscite la pol&eacute;mique en France.<\/p>\n","protected":false},"author":1,"featured_media":103077,"comment_status":"open","ping_status":"open","sticky":false,"template":"","format":"standard","meta":{"_monsterinsights_skip_tracking":false,"_monsterinsights_sitenote_active":false,"_monsterinsights_sitenote_note":"","_monsterinsights_sitenote_category":0,"_uf_show_specific_survey":0,"_uf_disable_surveys":false,"footnotes":""},"categories":[97],"tags":[],"class_list":["post-103076","post","type-post","status-publish","format-standard","has-post-thumbnail","hentry","category-international-news"],"aioseo_notices":[],"_links":{"self":[{"href":"https:\/\/geneveinfos.ch\/index.php\/wp-json\/wp\/v2\/posts\/103076","targetHints":{"allow":["GET"]}}],"collection":[{"href":"https:\/\/geneveinfos.ch\/index.php\/wp-json\/wp\/v2\/posts"}],"about":[{"href":"https:\/\/geneveinfos.ch\/index.php\/wp-json\/wp\/v2\/types\/post"}],"author":[{"embeddable":true,"href":"https:\/\/geneveinfos.ch\/index.php\/wp-json\/wp\/v2\/users\/1"}],"replies":[{"embeddable":true,"href":"https:\/\/geneveinfos.ch\/index.php\/wp-json\/wp\/v2\/comments?post=103076"}],"version-history":[{"count":0,"href":"https:\/\/geneveinfos.ch\/index.php\/wp-json\/wp\/v2\/posts\/103076\/revisions"}],"wp:featuredmedia":[{"embeddable":true,"href":"https:\/\/geneveinfos.ch\/index.php\/wp-json\/wp\/v2\/media\/103077"}],"wp:attachment":[{"href":"https:\/\/geneveinfos.ch\/index.php\/wp-json\/wp\/v2\/media?parent=103076"}],"wp:term":[{"taxonomy":"category","embeddable":true,"href":"https:\/\/geneveinfos.ch\/index.php\/wp-json\/wp\/v2\/categories?post=103076"},{"taxonomy":"post_tag","embeddable":true,"href":"https:\/\/geneveinfos.ch\/index.php\/wp-json\/wp\/v2\/tags?post=103076"}],"curies":[{"name":"wp","href":"https:\/\/api.w.org\/{rel}","templated":true}]}}