{"id":103151,"date":"2026-04-30T08:01:54","date_gmt":"2026-04-30T06:01:54","guid":{"rendered":"https:\/\/geneveinfos.ch\/index.php\/2026\/04\/30\/des-employes-de-la-hep-vaudoise-denoncent-des-problemes-de-gouvernance-recurrents\/"},"modified":"2026-04-30T08:01:54","modified_gmt":"2026-04-30T06:01:54","slug":"des-employes-de-la-hep-vaudoise-denoncent-des-problemes-de-gouvernance-recurrents","status":"publish","type":"post","link":"https:\/\/geneveinfos.ch\/index.php\/2026\/04\/30\/des-employes-de-la-hep-vaudoise-denoncent-des-problemes-de-gouvernance-recurrents\/","title":{"rendered":"Des employ\u00e9s de la HEP vaudoise d\u00e9noncent des probl\u00e8mes de gouvernance r\u00e9currents"},"content":{"rendered":"<p>This <a href=\"https:\/\/www.rts.ch\/info\/regions\/vaud\/2026\/article\/des-employes-de-la-hep-vaudoise-denoncent-des-problemes-de-gouvernance-recurrents-29226744.html?rts_source=rss_t\" target=\"_blank\">post<\/a> was originally published on <a href=\"https:\/\/www.rts.ch\/info\/toute-info\/?format=rss\/news\" target=\"_blank\">this site<\/a>.<\/p><div>\n<div><a href=\"https:\/\/www.rts.ch\/info\/regions\/vaud\/2026\/article\/des-employes-de-la-hep-vaudoise-denoncent-des-problemes-de-gouvernance-recurrents-29226744.html?rts_source=rss_t\"><img decoding=\"async\" src=\"https:\/\/img.rts.ch\/articles\/2026\/image\/vd4uya-29226856.image?w=320&amp;h=180\"><\/a>La Haute &eacute;cole p&eacute;dagogique vaudoise semble faire face &agrave; une crise de gouvernance. Une enqu&ecirc;te de la RTS r&eacute;v&egrave;le un climat de travail tendu, marqu&eacute; par des d&eacute;cisions opaques et un manque d&rsquo;&eacute;coute. La direction souligne la complexit&eacute; de g&eacute;rer une institution en croissance et qui se r&eacute;organise.<\/div>\n<\/div>\n","protected":false},"excerpt":{"rendered":"<p>This post was originally published on this site. La Haute &eacute;cole p&eacute;dagogique vaudoise semble faire face &agrave; une crise de gouvernance. Une enqu&ecirc;te de la RTS r&eacute;v&egrave;le un climat de travail tendu, marqu&eacute; par des d&eacute;cisions opaques et un manque d&rsquo;&eacute;coute. La direction souligne la complexit&eacute; de g&eacute;rer une institution en croissance et qui se [&hellip;]<\/p>\n","protected":false},"author":1,"featured_media":0,"comment_status":"open","ping_status":"open","sticky":false,"template":"","format":"standard","meta":{"_monsterinsights_skip_tracking":false,"_monsterinsights_sitenote_active":false,"_monsterinsights_sitenote_note":"","_monsterinsights_sitenote_category":0,"_uf_show_specific_survey":0,"_uf_disable_surveys":false,"footnotes":""},"categories":[100],"tags":[],"class_list":["post-103151","post","type-post","status-publish","format-standard","hentry","category-tech-innovation"],"aioseo_notices":[],"_links":{"self":[{"href":"https:\/\/geneveinfos.ch\/index.php\/wp-json\/wp\/v2\/posts\/103151","targetHints":{"allow":["GET"]}}],"collection":[{"href":"https:\/\/geneveinfos.ch\/index.php\/wp-json\/wp\/v2\/posts"}],"about":[{"href":"https:\/\/geneveinfos.ch\/index.php\/wp-json\/wp\/v2\/types\/post"}],"author":[{"embeddable":true,"href":"https:\/\/geneveinfos.ch\/index.php\/wp-json\/wp\/v2\/users\/1"}],"replies":[{"embeddable":true,"href":"https:\/\/geneveinfos.ch\/index.php\/wp-json\/wp\/v2\/comments?post=103151"}],"version-history":[{"count":0,"href":"https:\/\/geneveinfos.ch\/index.php\/wp-json\/wp\/v2\/posts\/103151\/revisions"}],"wp:attachment":[{"href":"https:\/\/geneveinfos.ch\/index.php\/wp-json\/wp\/v2\/media?parent=103151"}],"wp:term":[{"taxonomy":"category","embeddable":true,"href":"https:\/\/geneveinfos.ch\/index.php\/wp-json\/wp\/v2\/categories?post=103151"},{"taxonomy":"post_tag","embeddable":true,"href":"https:\/\/geneveinfos.ch\/index.php\/wp-json\/wp\/v2\/tags?post=103151"}],"curies":[{"name":"wp","href":"https:\/\/api.w.org\/{rel}","templated":true}]}}