{"id":103227,"date":"2026-04-30T09:39:22","date_gmt":"2026-04-30T07:39:22","guid":{"rendered":"https:\/\/geneveinfos.ch\/index.php\/2026\/04\/30\/la-liberte-la-gruyere-et-la-broye-hebdo-fusionnent-leurs-redactions-et-suppriment-18-postes\/"},"modified":"2026-04-30T09:39:22","modified_gmt":"2026-04-30T07:39:22","slug":"la-liberte-la-gruyere-et-la-broye-hebdo-fusionnent-leurs-redactions-et-suppriment-18-postes","status":"publish","type":"post","link":"https:\/\/geneveinfos.ch\/index.php\/2026\/04\/30\/la-liberte-la-gruyere-et-la-broye-hebdo-fusionnent-leurs-redactions-et-suppriment-18-postes\/","title":{"rendered":"La Libert\u00e9, La Gruy\u00e8re et La Broye Hebdo fusionnent leurs r\u00e9dactions et suppriment 18 postes"},"content":{"rendered":"<p>This <a href=\"https:\/\/www.rts.ch\/info\/regions\/fribourg\/2026\/article\/st-paul-medias-fusionne-ses-redactions-et-supprime-18-postes-29227506.html?rts_source=rss_t\" target=\"_blank\">post<\/a> was originally published on <a href=\"https:\/\/www.rts.ch\/info\/toute-info\/?format=rss\/news\" target=\"_blank\">this site<\/a>.<\/p><div>\n<div><a href=\"https:\/\/www.rts.ch\/info\/regions\/fribourg\/2026\/article\/st-paul-medias-fusionne-ses-redactions-et-supprime-18-postes-29227506.html?rts_source=rss_t\"><img decoding=\"async\" src=\"https:\/\/img.rts.ch\/articles\/2026\/image\/6wzwpz-29227519.image?w=320&amp;h=180\"><\/a>Le groupe de presse fribourgeois St-Paul M&eacute;dias a indiqu&eacute; jeudi se restructurer et supprimer 18 postes en &eacute;quivalents plein temps. Ses trois titres, La Libert&eacute;, La Gruy&egrave;re et La Broye Hebdo, ne formeront d&eacute;sormais plus qu&rsquo;une r&eacute;daction commune sur trois sites.<\/div>\n<\/div>\n","protected":false},"excerpt":{"rendered":"<p>This post was originally published on this site. Le groupe de presse fribourgeois St-Paul M&eacute;dias a indiqu&eacute; jeudi se restructurer et supprimer 18 postes en &eacute;quivalents plein temps. Ses trois titres, La Libert&eacute;, La Gruy&egrave;re et La Broye Hebdo, ne formeront d&eacute;sormais plus qu&rsquo;une r&eacute;daction commune sur trois sites.<\/p>\n","protected":false},"author":1,"featured_media":0,"comment_status":"open","ping_status":"open","sticky":false,"template":"","format":"standard","meta":{"_monsterinsights_skip_tracking":false,"_monsterinsights_sitenote_active":false,"_monsterinsights_sitenote_note":"","_monsterinsights_sitenote_category":0,"_uf_show_specific_survey":0,"_uf_disable_surveys":false,"footnotes":""},"categories":[100],"tags":[],"class_list":["post-103227","post","type-post","status-publish","format-standard","hentry","category-tech-innovation"],"aioseo_notices":[],"_links":{"self":[{"href":"https:\/\/geneveinfos.ch\/index.php\/wp-json\/wp\/v2\/posts\/103227","targetHints":{"allow":["GET"]}}],"collection":[{"href":"https:\/\/geneveinfos.ch\/index.php\/wp-json\/wp\/v2\/posts"}],"about":[{"href":"https:\/\/geneveinfos.ch\/index.php\/wp-json\/wp\/v2\/types\/post"}],"author":[{"embeddable":true,"href":"https:\/\/geneveinfos.ch\/index.php\/wp-json\/wp\/v2\/users\/1"}],"replies":[{"embeddable":true,"href":"https:\/\/geneveinfos.ch\/index.php\/wp-json\/wp\/v2\/comments?post=103227"}],"version-history":[{"count":0,"href":"https:\/\/geneveinfos.ch\/index.php\/wp-json\/wp\/v2\/posts\/103227\/revisions"}],"wp:attachment":[{"href":"https:\/\/geneveinfos.ch\/index.php\/wp-json\/wp\/v2\/media?parent=103227"}],"wp:term":[{"taxonomy":"category","embeddable":true,"href":"https:\/\/geneveinfos.ch\/index.php\/wp-json\/wp\/v2\/categories?post=103227"},{"taxonomy":"post_tag","embeddable":true,"href":"https:\/\/geneveinfos.ch\/index.php\/wp-json\/wp\/v2\/tags?post=103227"}],"curies":[{"name":"wp","href":"https:\/\/api.w.org\/{rel}","templated":true}]}}