{"id":103273,"date":"2026-04-30T10:59:46","date_gmt":"2026-04-30T08:59:46","guid":{"rendered":"https:\/\/geneveinfos.ch\/index.php\/2026\/04\/30\/intervention-policiere-des-douaniers-francais-interceptes-a-geneve-pour-usage-abusif-dun-gyrophare\/"},"modified":"2026-04-30T12:01:38","modified_gmt":"2026-04-30T10:01:38","slug":"intervention-policiere-des-douaniers-francais-interceptes-a-geneve-pour-usage-abusif-dun-gyrophare","status":"publish","type":"post","link":"https:\/\/geneveinfos.ch\/index.php\/2026\/04\/30\/intervention-policiere-des-douaniers-francais-interceptes-a-geneve-pour-usage-abusif-dun-gyrophare\/","title":{"rendered":"Intervention polici\u00e8re: Des douaniers fran\u00e7ais intercept\u00e9s \u00e0 Gen\u00e8ve pour usage abusif d\u2019un gyrophare"},"content":{"rendered":"<p>This <a href=\"https:\/\/www.tdg.ch\/geneve-des-douaniers-francais-interceptes-pour-un-gyrophare-407860720210\" target=\"_blank\">post<\/a> was originally published on <a href=\"https:\/\/partner-feeds.publishing.tamedia.ch\/rss\/tdg\/geneve\" target=\"_blank\">this site<\/a>.<\/p><div>La police genevoise a intercept&eacute; un v&eacute;hicule banalis&eacute; occup&eacute; par des agents des douanes fran&ccedil;aises. Il circulait gyrophare allum&eacute;, sans raison valable.<\/div>\n","protected":false},"excerpt":{"rendered":"<p>This post was originally published on this site.La police genevoise a intercept&eacute; un v&eacute;hicule banalis&eacute; occup&eacute; par des agents des douanes fran&ccedil;aises. Il circulait gyrophare allum&eacute;, sans raison valable.<\/p>\n","protected":false},"author":1,"featured_media":103274,"comment_status":"open","ping_status":"open","sticky":false,"template":"","format":"standard","meta":{"_monsterinsights_skip_tracking":false,"_monsterinsights_sitenote_active":false,"_monsterinsights_sitenote_note":"","_monsterinsights_sitenote_category":0,"_uf_show_specific_survey":0,"_uf_disable_surveys":false,"footnotes":""},"categories":[97],"tags":[],"class_list":["post-103273","post","type-post","status-publish","format-standard","has-post-thumbnail","hentry","category-international-news"],"aioseo_notices":[],"_links":{"self":[{"href":"https:\/\/geneveinfos.ch\/index.php\/wp-json\/wp\/v2\/posts\/103273","targetHints":{"allow":["GET"]}}],"collection":[{"href":"https:\/\/geneveinfos.ch\/index.php\/wp-json\/wp\/v2\/posts"}],"about":[{"href":"https:\/\/geneveinfos.ch\/index.php\/wp-json\/wp\/v2\/types\/post"}],"author":[{"embeddable":true,"href":"https:\/\/geneveinfos.ch\/index.php\/wp-json\/wp\/v2\/users\/1"}],"replies":[{"embeddable":true,"href":"https:\/\/geneveinfos.ch\/index.php\/wp-json\/wp\/v2\/comments?post=103273"}],"version-history":[{"count":0,"href":"https:\/\/geneveinfos.ch\/index.php\/wp-json\/wp\/v2\/posts\/103273\/revisions"}],"wp:featuredmedia":[{"embeddable":true,"href":"https:\/\/geneveinfos.ch\/index.php\/wp-json\/wp\/v2\/media\/103274"}],"wp:attachment":[{"href":"https:\/\/geneveinfos.ch\/index.php\/wp-json\/wp\/v2\/media?parent=103273"}],"wp:term":[{"taxonomy":"category","embeddable":true,"href":"https:\/\/geneveinfos.ch\/index.php\/wp-json\/wp\/v2\/categories?post=103273"},{"taxonomy":"post_tag","embeddable":true,"href":"https:\/\/geneveinfos.ch\/index.php\/wp-json\/wp\/v2\/tags?post=103273"}],"curies":[{"name":"wp","href":"https:\/\/api.w.org\/{rel}","templated":true}]}}