{"id":103356,"date":"2026-04-30T12:55:07","date_gmt":"2026-04-30T10:55:07","guid":{"rendered":"https:\/\/geneveinfos.ch\/index.php\/2026\/04\/30\/aurore-berge-cest-une-veritable-ideologie-qui-est-a-loeuvre-contre-le-droit-des-femmes\/"},"modified":"2026-04-30T12:55:07","modified_gmt":"2026-04-30T10:55:07","slug":"aurore-berge-cest-une-veritable-ideologie-qui-est-a-loeuvre-contre-le-droit-des-femmes","status":"publish","type":"post","link":"https:\/\/geneveinfos.ch\/index.php\/2026\/04\/30\/aurore-berge-cest-une-veritable-ideologie-qui-est-a-loeuvre-contre-le-droit-des-femmes\/","title":{"rendered":"Aurore Berg\u00e9: \u00ab\u00a0C&rsquo;est une v\u00e9ritable id\u00e9ologie qui est \u00e0 l&rsquo;oeuvre contre le droit des femmes\u00a0\u00bb"},"content":{"rendered":"<p>This <a href=\"https:\/\/www.rts.ch\/info\/monde\/2026\/article\/aurore-berge-c-est-une-veritable-ideologie-qui-est-a-l-oeuvre-contre-le-droit-des-femmes-29227421.html?rts_source=rss_t\" target=\"_blank\">post<\/a> was originally published on <a href=\"https:\/\/www.rts.ch\/info\/toute-info\/?format=rss\/news\" target=\"_blank\">this site<\/a>.<\/p><div>\n<div><a href=\"https:\/\/www.rts.ch\/info\/monde\/2026\/article\/aurore-berge-c-est-une-veritable-ideologie-qui-est-a-l-oeuvre-contre-le-droit-des-femmes-29227421.html?rts_source=rss_t\"><img decoding=\"async\" src=\"https:\/\/img.rts.ch\/articles\/2026\/image\/tuncim-29227729.image?w=320&amp;h=180\"><\/a>Interrog&eacute;e jeudi dans La Matinale, Aurore Berg&eacute;, ministre d&eacute;l&eacute;gu&eacute;e fran&ccedil;aise charg&eacute;e de l&rsquo;&Eacute;galit&eacute; entre les femmes et les hommes, alerte sur une offensive mondiale organis&eacute;e contre les droits des femmes. De passage &agrave; Gen&egrave;ve, elle d&eacute;nonce une strat&eacute;gie coordonn&eacute;e visant &agrave; effacer les femmes de la vie publique et des instances internationales.<\/div>\n<\/div>\n","protected":false},"excerpt":{"rendered":"<p>This post was originally published on this site. Interrog&eacute;e jeudi dans La Matinale, Aurore Berg&eacute;, ministre d&eacute;l&eacute;gu&eacute;e fran&ccedil;aise charg&eacute;e de l&rsquo;&Eacute;galit&eacute; entre les femmes et les hommes, alerte sur une offensive mondiale organis&eacute;e contre les droits des femmes. De passage &agrave; Gen&egrave;ve, elle d&eacute;nonce une strat&eacute;gie coordonn&eacute;e visant &agrave; effacer les femmes de la vie [&hellip;]<\/p>\n","protected":false},"author":1,"featured_media":0,"comment_status":"open","ping_status":"open","sticky":false,"template":"","format":"standard","meta":{"_monsterinsights_skip_tracking":false,"_monsterinsights_sitenote_active":false,"_monsterinsights_sitenote_note":"","_monsterinsights_sitenote_category":0,"_uf_show_specific_survey":0,"_uf_disable_surveys":false,"footnotes":""},"categories":[100],"tags":[],"class_list":["post-103356","post","type-post","status-publish","format-standard","hentry","category-tech-innovation"],"aioseo_notices":[],"_links":{"self":[{"href":"https:\/\/geneveinfos.ch\/index.php\/wp-json\/wp\/v2\/posts\/103356","targetHints":{"allow":["GET"]}}],"collection":[{"href":"https:\/\/geneveinfos.ch\/index.php\/wp-json\/wp\/v2\/posts"}],"about":[{"href":"https:\/\/geneveinfos.ch\/index.php\/wp-json\/wp\/v2\/types\/post"}],"author":[{"embeddable":true,"href":"https:\/\/geneveinfos.ch\/index.php\/wp-json\/wp\/v2\/users\/1"}],"replies":[{"embeddable":true,"href":"https:\/\/geneveinfos.ch\/index.php\/wp-json\/wp\/v2\/comments?post=103356"}],"version-history":[{"count":0,"href":"https:\/\/geneveinfos.ch\/index.php\/wp-json\/wp\/v2\/posts\/103356\/revisions"}],"wp:attachment":[{"href":"https:\/\/geneveinfos.ch\/index.php\/wp-json\/wp\/v2\/media?parent=103356"}],"wp:term":[{"taxonomy":"category","embeddable":true,"href":"https:\/\/geneveinfos.ch\/index.php\/wp-json\/wp\/v2\/categories?post=103356"},{"taxonomy":"post_tag","embeddable":true,"href":"https:\/\/geneveinfos.ch\/index.php\/wp-json\/wp\/v2\/tags?post=103356"}],"curies":[{"name":"wp","href":"https:\/\/api.w.org\/{rel}","templated":true}]}}