{"id":103399,"date":"2026-04-30T13:43:02","date_gmt":"2026-04-30T11:43:02","guid":{"rendered":"https:\/\/geneveinfos.ch\/index.php\/2026\/04\/30\/lunivers-colore-et-polyvalent-dotobong-nkanga-se-revele-au-musee-des-beaux-arts-de-lausanne\/"},"modified":"2026-04-30T13:43:02","modified_gmt":"2026-04-30T11:43:02","slug":"lunivers-colore-et-polyvalent-dotobong-nkanga-se-revele-au-musee-des-beaux-arts-de-lausanne","status":"publish","type":"post","link":"https:\/\/geneveinfos.ch\/index.php\/2026\/04\/30\/lunivers-colore-et-polyvalent-dotobong-nkanga-se-revele-au-musee-des-beaux-arts-de-lausanne\/","title":{"rendered":"L&rsquo;univers color\u00e9 et polyvalent d&rsquo;Otobong Nkanga se r\u00e9v\u00e8le au Mus\u00e9e des Beaux-Arts de Lausanne"},"content":{"rendered":"<p>This <a href=\"https:\/\/www.rts.ch\/info\/culture\/arts-visuels\/2026\/article\/otobong-nkanga-expose-son-art-universel-au-musee-des-beaux-arts-de-lausanne-29220374.html?rts_source=rss_t\" target=\"_blank\">post<\/a> was originally published on <a href=\"https:\/\/www.rts.ch\/info\/toute-info\/?format=rss\/news\" target=\"_blank\">this site<\/a>.<\/p><div>\n<div><a href=\"https:\/\/www.rts.ch\/info\/culture\/arts-visuels\/2026\/article\/otobong-nkanga-expose-son-art-universel-au-musee-des-beaux-arts-de-lausanne-29220374.html?rts_source=rss_t\"><img decoding=\"async\" src=\"https:\/\/img.rts.ch\/info\/culture\/arts-visuels\/2026\/image\/t85fp-29217388.image?w=320&amp;h=180\"><\/a>Apr&egrave;s Paris, c&rsquo;est au tour du Mus&eacute;e des Beaux-Arts de Lausanne de pr&eacute;senter une importante exposition consacr&eacute;e &agrave; l&rsquo;&oelig;uvre d&rsquo;Otobong Nkanga. Con&ccedil;ue avec l&rsquo;artiste nig&eacute;riane, elle r&eacute;unit jusqu&rsquo;au 23 ao&ucirc;t des installations embl&eacute;matiques, des photos, des dessins et des tapisseries notamment.<\/div>\n<\/div>\n","protected":false},"excerpt":{"rendered":"<p>This post was originally published on this site. Apr&egrave;s Paris, c&rsquo;est au tour du Mus&eacute;e des Beaux-Arts de Lausanne de pr&eacute;senter une importante exposition consacr&eacute;e &agrave; l&rsquo;&oelig;uvre d&rsquo;Otobong Nkanga. Con&ccedil;ue avec l&rsquo;artiste nig&eacute;riane, elle r&eacute;unit jusqu&rsquo;au 23 ao&ucirc;t des installations embl&eacute;matiques, des photos, des dessins et des tapisseries notamment.<\/p>\n","protected":false},"author":1,"featured_media":0,"comment_status":"open","ping_status":"open","sticky":false,"template":"","format":"standard","meta":{"_monsterinsights_skip_tracking":false,"_monsterinsights_sitenote_active":false,"_monsterinsights_sitenote_note":"","_monsterinsights_sitenote_category":0,"_uf_show_specific_survey":0,"_uf_disable_surveys":false,"footnotes":""},"categories":[100],"tags":[],"class_list":["post-103399","post","type-post","status-publish","format-standard","hentry","category-tech-innovation"],"aioseo_notices":[],"_links":{"self":[{"href":"https:\/\/geneveinfos.ch\/index.php\/wp-json\/wp\/v2\/posts\/103399","targetHints":{"allow":["GET"]}}],"collection":[{"href":"https:\/\/geneveinfos.ch\/index.php\/wp-json\/wp\/v2\/posts"}],"about":[{"href":"https:\/\/geneveinfos.ch\/index.php\/wp-json\/wp\/v2\/types\/post"}],"author":[{"embeddable":true,"href":"https:\/\/geneveinfos.ch\/index.php\/wp-json\/wp\/v2\/users\/1"}],"replies":[{"embeddable":true,"href":"https:\/\/geneveinfos.ch\/index.php\/wp-json\/wp\/v2\/comments?post=103399"}],"version-history":[{"count":0,"href":"https:\/\/geneveinfos.ch\/index.php\/wp-json\/wp\/v2\/posts\/103399\/revisions"}],"wp:attachment":[{"href":"https:\/\/geneveinfos.ch\/index.php\/wp-json\/wp\/v2\/media?parent=103399"}],"wp:term":[{"taxonomy":"category","embeddable":true,"href":"https:\/\/geneveinfos.ch\/index.php\/wp-json\/wp\/v2\/categories?post=103399"},{"taxonomy":"post_tag","embeddable":true,"href":"https:\/\/geneveinfos.ch\/index.php\/wp-json\/wp\/v2\/tags?post=103399"}],"curies":[{"name":"wp","href":"https:\/\/api.w.org\/{rel}","templated":true}]}}