{"id":103403,"date":"2026-04-30T14:47:55","date_gmt":"2026-04-30T12:47:55","guid":{"rendered":"https:\/\/geneveinfos.ch\/index.php\/2026\/04\/30\/restrictions-de-circulation-le-marathon-de-geneve-perturbe-la-circulation-a-chene-bougeries\/"},"modified":"2026-04-30T14:47:55","modified_gmt":"2026-04-30T12:47:55","slug":"restrictions-de-circulation-le-marathon-de-geneve-perturbe-la-circulation-a-chene-bougeries","status":"publish","type":"post","link":"https:\/\/geneveinfos.ch\/index.php\/2026\/04\/30\/restrictions-de-circulation-le-marathon-de-geneve-perturbe-la-circulation-a-chene-bougeries\/","title":{"rendered":"Restrictions de circulation: Le Marathon de Gen\u00e8ve perturbe la circulation \u00e0 Ch\u00eane-Bougeries"},"content":{"rendered":"<p>This <a href=\"https:\/\/www.tdg.ch\/marathon-de-geneve-la-circulation-perturbee-a-chene-bougeries-477913774609\" target=\"_blank\">post<\/a> was originally published on <a href=\"https:\/\/partner-feeds.publishing.tamedia.ch\/rss\/tdg\/geneve\" target=\"_blank\">this site<\/a>.<\/p><p>Les 9 et 10\u00a0mai, plusieurs routes seront ferm\u00e9es ou restreintes. Les riverains sont invit\u00e9s \u00e0 anticiper leurs d\u00e9placements.<\/p>\n","protected":false},"excerpt":{"rendered":"<p>This post was originally published on this site.Les 9 et 10\u00a0mai, plusieurs routes seront ferm\u00e9es ou restreintes. Les riverains sont invit\u00e9s \u00e0 anticiper leurs d\u00e9placements.<\/p>\n","protected":false},"author":1,"featured_media":0,"comment_status":"open","ping_status":"open","sticky":false,"template":"","format":"standard","meta":{"_monsterinsights_skip_tracking":false,"_monsterinsights_sitenote_active":false,"_monsterinsights_sitenote_note":"","_monsterinsights_sitenote_category":0,"_uf_show_specific_survey":0,"_uf_disable_surveys":false,"footnotes":""},"categories":[97],"tags":[],"class_list":["post-103403","post","type-post","status-publish","format-standard","hentry","category-international-news"],"aioseo_notices":[],"_links":{"self":[{"href":"https:\/\/geneveinfos.ch\/index.php\/wp-json\/wp\/v2\/posts\/103403","targetHints":{"allow":["GET"]}}],"collection":[{"href":"https:\/\/geneveinfos.ch\/index.php\/wp-json\/wp\/v2\/posts"}],"about":[{"href":"https:\/\/geneveinfos.ch\/index.php\/wp-json\/wp\/v2\/types\/post"}],"author":[{"embeddable":true,"href":"https:\/\/geneveinfos.ch\/index.php\/wp-json\/wp\/v2\/users\/1"}],"replies":[{"embeddable":true,"href":"https:\/\/geneveinfos.ch\/index.php\/wp-json\/wp\/v2\/comments?post=103403"}],"version-history":[{"count":0,"href":"https:\/\/geneveinfos.ch\/index.php\/wp-json\/wp\/v2\/posts\/103403\/revisions"}],"wp:attachment":[{"href":"https:\/\/geneveinfos.ch\/index.php\/wp-json\/wp\/v2\/media?parent=103403"}],"wp:term":[{"taxonomy":"category","embeddable":true,"href":"https:\/\/geneveinfos.ch\/index.php\/wp-json\/wp\/v2\/categories?post=103403"},{"taxonomy":"post_tag","embeddable":true,"href":"https:\/\/geneveinfos.ch\/index.php\/wp-json\/wp\/v2\/tags?post=103403"}],"curies":[{"name":"wp","href":"https:\/\/api.w.org\/{rel}","templated":true}]}}