{"id":103484,"date":"2026-04-30T16:27:36","date_gmt":"2026-04-30T14:27:36","guid":{"rendered":"https:\/\/geneveinfos.ch\/index.php\/2026\/04\/30\/espace-public-la-ville-de-geneve-accelere-le-nettoyage-des-campements\/"},"modified":"2026-04-30T17:05:32","modified_gmt":"2026-04-30T15:05:32","slug":"espace-public-la-ville-de-geneve-accelere-le-nettoyage-des-campements","status":"publish","type":"post","link":"https:\/\/geneveinfos.ch\/index.php\/2026\/04\/30\/espace-public-la-ville-de-geneve-accelere-le-nettoyage-des-campements\/","title":{"rendered":"Espace public: La Ville de Gen\u00e8ve acc\u00e9l\u00e8re le nettoyage des campements"},"content":{"rendered":"<p>This <a href=\"https:\/\/www.tdg.ch\/geneve-accelere-le-nettoyage-des-campements-726050009251\" target=\"_blank\">post<\/a> was originally published on <a href=\"https:\/\/partner-feeds.publishing.tamedia.ch\/rss\/tdg\/geneve\" target=\"_blank\">this site<\/a>.<\/p><div>Lasse d&rsquo;attendre une clarification de la part du Canton, la Municipalit&eacute; a cr&eacute;&eacute; sa propre directive pour encadrer le retrait des objets abandonn&eacute;s.<\/div>\n","protected":false},"excerpt":{"rendered":"<p>This post was originally published on this site.Lasse d&rsquo;attendre une clarification de la part du Canton, la Municipalit&eacute; a cr&eacute;&eacute; sa propre directive pour encadrer le retrait des objets abandonn&eacute;s.<\/p>\n","protected":false},"author":1,"featured_media":103485,"comment_status":"open","ping_status":"open","sticky":false,"template":"","format":"standard","meta":{"_monsterinsights_skip_tracking":false,"_monsterinsights_sitenote_active":false,"_monsterinsights_sitenote_note":"","_monsterinsights_sitenote_category":0,"_uf_show_specific_survey":0,"_uf_disable_surveys":false,"footnotes":""},"categories":[97],"tags":[],"class_list":["post-103484","post","type-post","status-publish","format-standard","has-post-thumbnail","hentry","category-international-news"],"aioseo_notices":[],"_links":{"self":[{"href":"https:\/\/geneveinfos.ch\/index.php\/wp-json\/wp\/v2\/posts\/103484","targetHints":{"allow":["GET"]}}],"collection":[{"href":"https:\/\/geneveinfos.ch\/index.php\/wp-json\/wp\/v2\/posts"}],"about":[{"href":"https:\/\/geneveinfos.ch\/index.php\/wp-json\/wp\/v2\/types\/post"}],"author":[{"embeddable":true,"href":"https:\/\/geneveinfos.ch\/index.php\/wp-json\/wp\/v2\/users\/1"}],"replies":[{"embeddable":true,"href":"https:\/\/geneveinfos.ch\/index.php\/wp-json\/wp\/v2\/comments?post=103484"}],"version-history":[{"count":1,"href":"https:\/\/geneveinfos.ch\/index.php\/wp-json\/wp\/v2\/posts\/103484\/revisions"}],"predecessor-version":[{"id":103486,"href":"https:\/\/geneveinfos.ch\/index.php\/wp-json\/wp\/v2\/posts\/103484\/revisions\/103486"}],"wp:featuredmedia":[{"embeddable":true,"href":"https:\/\/geneveinfos.ch\/index.php\/wp-json\/wp\/v2\/media\/103485"}],"wp:attachment":[{"href":"https:\/\/geneveinfos.ch\/index.php\/wp-json\/wp\/v2\/media?parent=103484"}],"wp:term":[{"taxonomy":"category","embeddable":true,"href":"https:\/\/geneveinfos.ch\/index.php\/wp-json\/wp\/v2\/categories?post=103484"},{"taxonomy":"post_tag","embeddable":true,"href":"https:\/\/geneveinfos.ch\/index.php\/wp-json\/wp\/v2\/tags?post=103484"}],"curies":[{"name":"wp","href":"https:\/\/api.w.org\/{rel}","templated":true}]}}