{"id":103487,"date":"2026-04-30T16:10:04","date_gmt":"2026-04-30T14:10:04","guid":{"rendered":"https:\/\/geneveinfos.ch\/index.php\/2026\/04\/30\/precarite-a-geneve-la-plainte-du-mendiant-dont-les-affaires-ont-ete-jetees-a-la-voirie-sera-classee\/"},"modified":"2026-04-30T17:05:32","modified_gmt":"2026-04-30T15:05:32","slug":"precarite-a-geneve-la-plainte-du-mendiant-dont-les-affaires-ont-ete-jetees-a-la-voirie-sera-classee","status":"publish","type":"post","link":"https:\/\/geneveinfos.ch\/index.php\/2026\/04\/30\/precarite-a-geneve-la-plainte-du-mendiant-dont-les-affaires-ont-ete-jetees-a-la-voirie-sera-classee\/","title":{"rendered":"Pr\u00e9carit\u00e9 \u00e0 Gen\u00e8ve: La plainte du mendiant dont les affaires ont \u00e9t\u00e9 jet\u00e9es \u00e0 la Voirie sera class\u00e9e"},"content":{"rendered":"<p>This <a href=\"https:\/\/www.tdg.ch\/meyrin-les-affaires-dun-mendiant-jetees-plainte-classee-852523186587\" target=\"_blank\">post<\/a> was originally published on <a href=\"https:\/\/partner-feeds.publishing.tamedia.ch\/rss\/tdg\/geneve\" target=\"_blank\">this site<\/a>.<\/p><div>Le Minist&egrave;re public a annonc&eacute; que l&rsquo;enqu&ecirc;te sur la destruction des sacs qui appartenaient &agrave; ce sexag&eacute;naire par la police municipale est termin&eacute;e. Son avocate se dit pr&ecirc;te &agrave; faire recours.<\/div>\n","protected":false},"excerpt":{"rendered":"<p>This post was originally published on this site.Le Minist&egrave;re public a annonc&eacute; que l&rsquo;enqu&ecirc;te sur la destruction des sacs qui appartenaient &agrave; ce sexag&eacute;naire par la police municipale est termin&eacute;e. Son avocate se dit pr&ecirc;te &agrave; faire recours.<\/p>\n","protected":false},"author":1,"featured_media":103488,"comment_status":"open","ping_status":"open","sticky":false,"template":"","format":"standard","meta":{"_monsterinsights_skip_tracking":false,"_monsterinsights_sitenote_active":false,"_monsterinsights_sitenote_note":"","_monsterinsights_sitenote_category":0,"_uf_show_specific_survey":0,"_uf_disable_surveys":false,"footnotes":""},"categories":[97],"tags":[],"class_list":["post-103487","post","type-post","status-publish","format-standard","has-post-thumbnail","hentry","category-international-news"],"aioseo_notices":[],"_links":{"self":[{"href":"https:\/\/geneveinfos.ch\/index.php\/wp-json\/wp\/v2\/posts\/103487","targetHints":{"allow":["GET"]}}],"collection":[{"href":"https:\/\/geneveinfos.ch\/index.php\/wp-json\/wp\/v2\/posts"}],"about":[{"href":"https:\/\/geneveinfos.ch\/index.php\/wp-json\/wp\/v2\/types\/post"}],"author":[{"embeddable":true,"href":"https:\/\/geneveinfos.ch\/index.php\/wp-json\/wp\/v2\/users\/1"}],"replies":[{"embeddable":true,"href":"https:\/\/geneveinfos.ch\/index.php\/wp-json\/wp\/v2\/comments?post=103487"}],"version-history":[{"count":1,"href":"https:\/\/geneveinfos.ch\/index.php\/wp-json\/wp\/v2\/posts\/103487\/revisions"}],"predecessor-version":[{"id":103489,"href":"https:\/\/geneveinfos.ch\/index.php\/wp-json\/wp\/v2\/posts\/103487\/revisions\/103489"}],"wp:featuredmedia":[{"embeddable":true,"href":"https:\/\/geneveinfos.ch\/index.php\/wp-json\/wp\/v2\/media\/103488"}],"wp:attachment":[{"href":"https:\/\/geneveinfos.ch\/index.php\/wp-json\/wp\/v2\/media?parent=103487"}],"wp:term":[{"taxonomy":"category","embeddable":true,"href":"https:\/\/geneveinfos.ch\/index.php\/wp-json\/wp\/v2\/categories?post=103487"},{"taxonomy":"post_tag","embeddable":true,"href":"https:\/\/geneveinfos.ch\/index.php\/wp-json\/wp\/v2\/tags?post=103487"}],"curies":[{"name":"wp","href":"https:\/\/api.w.org\/{rel}","templated":true}]}}