{"id":103534,"date":"2026-04-30T17:16:12","date_gmt":"2026-04-30T15:16:12","guid":{"rendered":"https:\/\/geneveinfos.ch\/index.php\/2026\/04\/30\/interpellation-a-geneve-un-suspect-a-ete-arrete-apres-un-incendie-au-petit-lancy\/"},"modified":"2026-04-30T18:06:02","modified_gmt":"2026-04-30T16:06:02","slug":"interpellation-a-geneve-un-suspect-a-ete-arrete-apres-un-incendie-au-petit-lancy","status":"publish","type":"post","link":"https:\/\/geneveinfos.ch\/index.php\/2026\/04\/30\/interpellation-a-geneve-un-suspect-a-ete-arrete-apres-un-incendie-au-petit-lancy\/","title":{"rendered":"Interpellation \u00e0 Gen\u00e8ve: Un suspect a \u00e9t\u00e9 arr\u00eat\u00e9 apr\u00e8s un incendie au Petit-Lancy"},"content":{"rendered":"<p>This <a href=\"https:\/\/www.tdg.ch\/un-suspect-a-ete-arrete-apres-un-incendie-au-petit-lancy-195291265944\" target=\"_blank\">post<\/a> was originally published on <a href=\"https:\/\/partner-feeds.publishing.tamedia.ch\/rss\/tdg\/geneve\" target=\"_blank\">this site<\/a>.<\/p><div>L&rsquo;homme a avou&eacute; avoir mis le feu, mardi, dans un immeuble au chemin du Fief-de-Chapitre. Une femme voit son pronostic vital toujours engag&eacute;.<\/div>\n","protected":false},"excerpt":{"rendered":"<p>This post was originally published on this site.L&rsquo;homme a avou&eacute; avoir mis le feu, mardi, dans un immeuble au chemin du Fief-de-Chapitre. Une femme voit son pronostic vital toujours engag&eacute;.<\/p>\n","protected":false},"author":1,"featured_media":103535,"comment_status":"open","ping_status":"open","sticky":false,"template":"","format":"standard","meta":{"_monsterinsights_skip_tracking":false,"_monsterinsights_sitenote_active":false,"_monsterinsights_sitenote_note":"","_monsterinsights_sitenote_category":0,"_uf_show_specific_survey":0,"_uf_disable_surveys":false,"footnotes":""},"categories":[97],"tags":[],"class_list":["post-103534","post","type-post","status-publish","format-standard","has-post-thumbnail","hentry","category-international-news"],"aioseo_notices":[],"_links":{"self":[{"href":"https:\/\/geneveinfos.ch\/index.php\/wp-json\/wp\/v2\/posts\/103534","targetHints":{"allow":["GET"]}}],"collection":[{"href":"https:\/\/geneveinfos.ch\/index.php\/wp-json\/wp\/v2\/posts"}],"about":[{"href":"https:\/\/geneveinfos.ch\/index.php\/wp-json\/wp\/v2\/types\/post"}],"author":[{"embeddable":true,"href":"https:\/\/geneveinfos.ch\/index.php\/wp-json\/wp\/v2\/users\/1"}],"replies":[{"embeddable":true,"href":"https:\/\/geneveinfos.ch\/index.php\/wp-json\/wp\/v2\/comments?post=103534"}],"version-history":[{"count":1,"href":"https:\/\/geneveinfos.ch\/index.php\/wp-json\/wp\/v2\/posts\/103534\/revisions"}],"predecessor-version":[{"id":103536,"href":"https:\/\/geneveinfos.ch\/index.php\/wp-json\/wp\/v2\/posts\/103534\/revisions\/103536"}],"wp:featuredmedia":[{"embeddable":true,"href":"https:\/\/geneveinfos.ch\/index.php\/wp-json\/wp\/v2\/media\/103535"}],"wp:attachment":[{"href":"https:\/\/geneveinfos.ch\/index.php\/wp-json\/wp\/v2\/media?parent=103534"}],"wp:term":[{"taxonomy":"category","embeddable":true,"href":"https:\/\/geneveinfos.ch\/index.php\/wp-json\/wp\/v2\/categories?post=103534"},{"taxonomy":"post_tag","embeddable":true,"href":"https:\/\/geneveinfos.ch\/index.php\/wp-json\/wp\/v2\/tags?post=103534"}],"curies":[{"name":"wp","href":"https:\/\/api.w.org\/{rel}","templated":true}]}}