{"id":103634,"date":"2026-04-30T20:02:20","date_gmt":"2026-04-30T18:02:20","guid":{"rendered":"https:\/\/geneveinfos.ch\/index.php\/2026\/04\/30\/justice-genevoise-coup-de-crampons-lors-dun-match-de-veterans-le-prevenu-acquitte\/"},"modified":"2026-04-30T20:08:21","modified_gmt":"2026-04-30T18:08:21","slug":"justice-genevoise-coup-de-crampons-lors-dun-match-de-veterans-le-prevenu-acquitte","status":"publish","type":"post","link":"https:\/\/geneveinfos.ch\/index.php\/2026\/04\/30\/justice-genevoise-coup-de-crampons-lors-dun-match-de-veterans-le-prevenu-acquitte\/","title":{"rendered":"Justice genevoise: Coup de crampons lors d\u2019un match de v\u00e9t\u00e9rans: le pr\u00e9venu acquitt\u00e9"},"content":{"rendered":"<p>This <a href=\"https:\/\/www.tdg.ch\/choulex-un-footballeur-acquitte-apres-une-bagarre-sur-le-terrain-398960729614\" target=\"_blank\">post<\/a> was originally published on <a href=\"https:\/\/partner-feeds.publishing.tamedia.ch\/rss\/tdg\/geneve\" target=\"_blank\">this site<\/a>.<\/p><div>Le Tribunal de police a jug&eacute; impossible d&rsquo;&eacute;tablir avec certitude que le joueur de Choulex &eacute;tait bien responsable de la blessure inflig&eacute;e &agrave; son adversaire.<\/div>\n","protected":false},"excerpt":{"rendered":"<p>This post was originally published on this site.Le Tribunal de police a jug&eacute; impossible d&rsquo;&eacute;tablir avec certitude que le joueur de Choulex &eacute;tait bien responsable de la blessure inflig&eacute;e &agrave; son adversaire.<\/p>\n","protected":false},"author":1,"featured_media":103635,"comment_status":"open","ping_status":"open","sticky":false,"template":"","format":"standard","meta":{"_monsterinsights_skip_tracking":false,"_monsterinsights_sitenote_active":false,"_monsterinsights_sitenote_note":"","_monsterinsights_sitenote_category":0,"_uf_show_specific_survey":0,"_uf_disable_surveys":false,"footnotes":""},"categories":[97],"tags":[],"class_list":["post-103634","post","type-post","status-publish","format-standard","has-post-thumbnail","hentry","category-international-news"],"aioseo_notices":[],"_links":{"self":[{"href":"https:\/\/geneveinfos.ch\/index.php\/wp-json\/wp\/v2\/posts\/103634","targetHints":{"allow":["GET"]}}],"collection":[{"href":"https:\/\/geneveinfos.ch\/index.php\/wp-json\/wp\/v2\/posts"}],"about":[{"href":"https:\/\/geneveinfos.ch\/index.php\/wp-json\/wp\/v2\/types\/post"}],"author":[{"embeddable":true,"href":"https:\/\/geneveinfos.ch\/index.php\/wp-json\/wp\/v2\/users\/1"}],"replies":[{"embeddable":true,"href":"https:\/\/geneveinfos.ch\/index.php\/wp-json\/wp\/v2\/comments?post=103634"}],"version-history":[{"count":1,"href":"https:\/\/geneveinfos.ch\/index.php\/wp-json\/wp\/v2\/posts\/103634\/revisions"}],"predecessor-version":[{"id":103636,"href":"https:\/\/geneveinfos.ch\/index.php\/wp-json\/wp\/v2\/posts\/103634\/revisions\/103636"}],"wp:featuredmedia":[{"embeddable":true,"href":"https:\/\/geneveinfos.ch\/index.php\/wp-json\/wp\/v2\/media\/103635"}],"wp:attachment":[{"href":"https:\/\/geneveinfos.ch\/index.php\/wp-json\/wp\/v2\/media?parent=103634"}],"wp:term":[{"taxonomy":"category","embeddable":true,"href":"https:\/\/geneveinfos.ch\/index.php\/wp-json\/wp\/v2\/categories?post=103634"},{"taxonomy":"post_tag","embeddable":true,"href":"https:\/\/geneveinfos.ch\/index.php\/wp-json\/wp\/v2\/tags?post=103634"}],"curies":[{"name":"wp","href":"https:\/\/api.w.org\/{rel}","templated":true}]}}