{"id":103637,"date":"2026-04-30T19:47:54","date_gmt":"2026-04-30T17:47:54","guid":{"rendered":"https:\/\/geneveinfos.ch\/index.php\/2026\/04\/30\/sommet-a-evian-no-g7-la-ville-de-geneve-cherche-une-alternative-aux-bastions\/"},"modified":"2026-04-30T20:08:22","modified_gmt":"2026-04-30T18:08:22","slug":"sommet-a-evian-no-g7-la-ville-de-geneve-cherche-une-alternative-aux-bastions","status":"publish","type":"post","link":"https:\/\/geneveinfos.ch\/index.php\/2026\/04\/30\/sommet-a-evian-no-g7-la-ville-de-geneve-cherche-une-alternative-aux-bastions\/","title":{"rendered":"Sommet \u00e0 \u00c9vian: No-G7: la Ville de Gen\u00e8ve cherche une alternative aux Bastions"},"content":{"rendered":"<p>This <a href=\"https:\/\/www.tdg.ch\/geneve-cherche-un-autre-parc-que-les-bastions-pour-no-g7-130770390550\" target=\"_blank\">post<\/a> was originally published on <a href=\"https:\/\/partner-feeds.publishing.tamedia.ch\/rss\/tdg\/geneve\" target=\"_blank\">this site<\/a>.<\/p><div>La coalition contre le sommet &agrave; &Eacute;vian a rencontr&eacute; Alfonso Gomez et Christina Kitsos ce jeudi. La tension est retomb&eacute;e.<\/div>\n","protected":false},"excerpt":{"rendered":"<p>This post was originally published on this site.La coalition contre le sommet &agrave; &Eacute;vian a rencontr&eacute; Alfonso Gomez et Christina Kitsos ce jeudi. La tension est retomb&eacute;e.<\/p>\n","protected":false},"author":1,"featured_media":103638,"comment_status":"open","ping_status":"open","sticky":false,"template":"","format":"standard","meta":{"_monsterinsights_skip_tracking":false,"_monsterinsights_sitenote_active":false,"_monsterinsights_sitenote_note":"","_monsterinsights_sitenote_category":0,"_uf_show_specific_survey":0,"_uf_disable_surveys":false,"footnotes":""},"categories":[97],"tags":[],"class_list":["post-103637","post","type-post","status-publish","format-standard","has-post-thumbnail","hentry","category-international-news"],"aioseo_notices":[],"_links":{"self":[{"href":"https:\/\/geneveinfos.ch\/index.php\/wp-json\/wp\/v2\/posts\/103637","targetHints":{"allow":["GET"]}}],"collection":[{"href":"https:\/\/geneveinfos.ch\/index.php\/wp-json\/wp\/v2\/posts"}],"about":[{"href":"https:\/\/geneveinfos.ch\/index.php\/wp-json\/wp\/v2\/types\/post"}],"author":[{"embeddable":true,"href":"https:\/\/geneveinfos.ch\/index.php\/wp-json\/wp\/v2\/users\/1"}],"replies":[{"embeddable":true,"href":"https:\/\/geneveinfos.ch\/index.php\/wp-json\/wp\/v2\/comments?post=103637"}],"version-history":[{"count":1,"href":"https:\/\/geneveinfos.ch\/index.php\/wp-json\/wp\/v2\/posts\/103637\/revisions"}],"predecessor-version":[{"id":103639,"href":"https:\/\/geneveinfos.ch\/index.php\/wp-json\/wp\/v2\/posts\/103637\/revisions\/103639"}],"wp:featuredmedia":[{"embeddable":true,"href":"https:\/\/geneveinfos.ch\/index.php\/wp-json\/wp\/v2\/media\/103638"}],"wp:attachment":[{"href":"https:\/\/geneveinfos.ch\/index.php\/wp-json\/wp\/v2\/media?parent=103637"}],"wp:term":[{"taxonomy":"category","embeddable":true,"href":"https:\/\/geneveinfos.ch\/index.php\/wp-json\/wp\/v2\/categories?post=103637"},{"taxonomy":"post_tag","embeddable":true,"href":"https:\/\/geneveinfos.ch\/index.php\/wp-json\/wp\/v2\/tags?post=103637"}],"curies":[{"name":"wp","href":"https:\/\/api.w.org\/{rel}","templated":true}]}}