{"id":103758,"date":"2026-04-30T22:20:28","date_gmt":"2026-04-30T20:20:28","guid":{"rendered":"https:\/\/geneveinfos.ch\/index.php\/2026\/04\/30\/des-lauriers-pour-une-methode-de-restauration-des-fonctions-cognitives-developpee-en-suisse-romande\/"},"modified":"2026-04-30T22:20:28","modified_gmt":"2026-04-30T20:20:28","slug":"des-lauriers-pour-une-methode-de-restauration-des-fonctions-cognitives-developpee-en-suisse-romande","status":"publish","type":"post","link":"https:\/\/geneveinfos.ch\/index.php\/2026\/04\/30\/des-lauriers-pour-une-methode-de-restauration-des-fonctions-cognitives-developpee-en-suisse-romande\/","title":{"rendered":"Des lauriers pour une m\u00e9thode de restauration des fonctions cognitives d\u00e9velopp\u00e9e en Suisse romande"},"content":{"rendered":"<p>This <a href=\"https:\/\/www.rts.ch\/info\/sante\/2026\/article\/des-lauriers-pour-une-methode-de-restauration-des-fonctions-cognitives-developpee-en-suisse-romande-29228065.html?rts_source=rss_t\" target=\"_blank\">post<\/a> was originally published on <a href=\"https:\/\/www.rts.ch\/info\/toute-info\/?format=rss\/news\" target=\"_blank\">this site<\/a>.<\/p><div>\n<div><a href=\"https:\/\/www.rts.ch\/info\/sante\/2026\/article\/des-lauriers-pour-une-methode-de-restauration-des-fonctions-cognitives-developpee-en-suisse-romande-29228065.html?rts_source=rss_t\"><img decoding=\"async\" src=\"https:\/\/img.rts.ch\/medias\/2026\/image\/vcvrlt-29226305.image?w=320&amp;h=180\"><\/a>Le Prix scientifique Leenards 2026 met &agrave; l&rsquo;honneur une approche novatrice d&eacute;velopp&eacute;e par des &eacute;quipes de recherche de l&rsquo;arc l&eacute;manique. Cette m&eacute;thode prometteuse pourrait am&eacute;liorer les fonctions cognitives apr&egrave;s un traumatisme cr&acirc;nien ou en cas d&rsquo;&eacute;pilepsie.<\/div>\n<\/div>\n","protected":false},"excerpt":{"rendered":"<p>This post was originally published on this site. Le Prix scientifique Leenards 2026 met &agrave; l&rsquo;honneur une approche novatrice d&eacute;velopp&eacute;e par des &eacute;quipes de recherche de l&rsquo;arc l&eacute;manique. Cette m&eacute;thode prometteuse pourrait am&eacute;liorer les fonctions cognitives apr&egrave;s un traumatisme cr&acirc;nien ou en cas d&rsquo;&eacute;pilepsie.<\/p>\n","protected":false},"author":1,"featured_media":0,"comment_status":"open","ping_status":"open","sticky":false,"template":"","format":"standard","meta":{"_monsterinsights_skip_tracking":false,"_monsterinsights_sitenote_active":false,"_monsterinsights_sitenote_note":"","_monsterinsights_sitenote_category":0,"_uf_show_specific_survey":0,"_uf_disable_surveys":false,"footnotes":""},"categories":[100],"tags":[],"class_list":["post-103758","post","type-post","status-publish","format-standard","hentry","category-tech-innovation"],"aioseo_notices":[],"_links":{"self":[{"href":"https:\/\/geneveinfos.ch\/index.php\/wp-json\/wp\/v2\/posts\/103758","targetHints":{"allow":["GET"]}}],"collection":[{"href":"https:\/\/geneveinfos.ch\/index.php\/wp-json\/wp\/v2\/posts"}],"about":[{"href":"https:\/\/geneveinfos.ch\/index.php\/wp-json\/wp\/v2\/types\/post"}],"author":[{"embeddable":true,"href":"https:\/\/geneveinfos.ch\/index.php\/wp-json\/wp\/v2\/users\/1"}],"replies":[{"embeddable":true,"href":"https:\/\/geneveinfos.ch\/index.php\/wp-json\/wp\/v2\/comments?post=103758"}],"version-history":[{"count":0,"href":"https:\/\/geneveinfos.ch\/index.php\/wp-json\/wp\/v2\/posts\/103758\/revisions"}],"wp:attachment":[{"href":"https:\/\/geneveinfos.ch\/index.php\/wp-json\/wp\/v2\/media?parent=103758"}],"wp:term":[{"taxonomy":"category","embeddable":true,"href":"https:\/\/geneveinfos.ch\/index.php\/wp-json\/wp\/v2\/categories?post=103758"},{"taxonomy":"post_tag","embeddable":true,"href":"https:\/\/geneveinfos.ch\/index.php\/wp-json\/wp\/v2\/tags?post=103758"}],"curies":[{"name":"wp","href":"https:\/\/api.w.org\/{rel}","templated":true}]}}