{"id":104113,"date":"2026-05-01T07:34:35","date_gmt":"2026-05-01T05:34:35","guid":{"rendered":"https:\/\/geneveinfos.ch\/index.php\/2026\/05\/01\/le-ministere-public-valaisan-va-enqueter-sur-la-gestion-des-secours-a-crans-montana\/"},"modified":"2026-05-01T07:34:35","modified_gmt":"2026-05-01T05:34:35","slug":"le-ministere-public-valaisan-va-enqueter-sur-la-gestion-des-secours-a-crans-montana","status":"publish","type":"post","link":"https:\/\/geneveinfos.ch\/index.php\/2026\/05\/01\/le-ministere-public-valaisan-va-enqueter-sur-la-gestion-des-secours-a-crans-montana\/","title":{"rendered":"Le Minist\u00e8re public valaisan va enqu\u00eater sur la gestion des secours \u00e0 Crans-Montana"},"content":{"rendered":"<p>This <a href=\"https:\/\/www.rts.ch\/info\/regions\/valais\/2026\/article\/incendie-de-crans-montana-enquete-sur-les-defaillances-des-secours-29228420.html?rts_source=rss_t\" target=\"_blank\">post<\/a> was originally published on <a href=\"https:\/\/www.rts.ch\/info\/toute-info\/?format=rss\/news\" target=\"_blank\">this site<\/a>.<\/p><div>\n<div><a href=\"https:\/\/www.rts.ch\/info\/regions\/valais\/2026\/article\/incendie-de-crans-montana-enquete-sur-les-defaillances-des-secours-29228420.html?rts_source=rss_t\"><img decoding=\"async\" src=\"https:\/\/img.rts.ch\/articles\/2026\/image\/md954n-29228421.image?w=320&amp;h=180\"><\/a>Deux familles de victimes &eacute;voquent des d&eacute;faillances dans la prise en charge des personnes bless&eacute;es. Les procureures vont ouvrir une proc&eacute;dure portant sur la question des secours.<\/div>\n<\/div>\n","protected":false},"excerpt":{"rendered":"<p>This post was originally published on this site. Deux familles de victimes &eacute;voquent des d&eacute;faillances dans la prise en charge des personnes bless&eacute;es. Les procureures vont ouvrir une proc&eacute;dure portant sur la question des secours.<\/p>\n","protected":false},"author":1,"featured_media":0,"comment_status":"open","ping_status":"open","sticky":false,"template":"","format":"standard","meta":{"_monsterinsights_skip_tracking":false,"_monsterinsights_sitenote_active":false,"_monsterinsights_sitenote_note":"","_monsterinsights_sitenote_category":0,"_uf_show_specific_survey":0,"_uf_disable_surveys":false,"footnotes":""},"categories":[100],"tags":[],"class_list":["post-104113","post","type-post","status-publish","format-standard","hentry","category-tech-innovation"],"aioseo_notices":[],"_links":{"self":[{"href":"https:\/\/geneveinfos.ch\/index.php\/wp-json\/wp\/v2\/posts\/104113","targetHints":{"allow":["GET"]}}],"collection":[{"href":"https:\/\/geneveinfos.ch\/index.php\/wp-json\/wp\/v2\/posts"}],"about":[{"href":"https:\/\/geneveinfos.ch\/index.php\/wp-json\/wp\/v2\/types\/post"}],"author":[{"embeddable":true,"href":"https:\/\/geneveinfos.ch\/index.php\/wp-json\/wp\/v2\/users\/1"}],"replies":[{"embeddable":true,"href":"https:\/\/geneveinfos.ch\/index.php\/wp-json\/wp\/v2\/comments?post=104113"}],"version-history":[{"count":0,"href":"https:\/\/geneveinfos.ch\/index.php\/wp-json\/wp\/v2\/posts\/104113\/revisions"}],"wp:attachment":[{"href":"https:\/\/geneveinfos.ch\/index.php\/wp-json\/wp\/v2\/media?parent=104113"}],"wp:term":[{"taxonomy":"category","embeddable":true,"href":"https:\/\/geneveinfos.ch\/index.php\/wp-json\/wp\/v2\/categories?post=104113"},{"taxonomy":"post_tag","embeddable":true,"href":"https:\/\/geneveinfos.ch\/index.php\/wp-json\/wp\/v2\/tags?post=104113"}],"curies":[{"name":"wp","href":"https:\/\/api.w.org\/{rel}","templated":true}]}}