{"id":104190,"date":"2026-05-01T09:19:50","date_gmt":"2026-05-01T07:19:50","guid":{"rendered":"https:\/\/geneveinfos.ch\/index.php\/2026\/05\/01\/etre-paysan-ne-un-documentaire-poignant-sur-la-dure-realite-du-monde-agricole\/"},"modified":"2026-05-01T09:19:50","modified_gmt":"2026-05-01T07:19:50","slug":"etre-paysan-ne-un-documentaire-poignant-sur-la-dure-realite-du-monde-agricole","status":"publish","type":"post","link":"https:\/\/geneveinfos.ch\/index.php\/2026\/05\/01\/etre-paysan-ne-un-documentaire-poignant-sur-la-dure-realite-du-monde-agricole\/","title":{"rendered":"&lsquo;\u00catre paysan.ne&rsquo;, un documentaire poignant sur la dure r\u00e9alit\u00e9 du monde agricole"},"content":{"rendered":"<p>This <a href=\"https:\/\/www.rts.ch\/info\/culture\/cinema\/2026\/article\/documentaire-etre-paysan-ne-la-dure-realite-des-agriculteurs-vaudois-29220612.html?rts_source=rss_t\" target=\"_blank\">post<\/a> was originally published on <a href=\"https:\/\/www.rts.ch\/info\/toute-info\/?format=rss\/news\" target=\"_blank\">this site<\/a>.<\/p><div>\n<div><a href=\"https:\/\/www.rts.ch\/info\/culture\/cinema\/2026\/article\/documentaire-etre-paysan-ne-la-dure-realite-des-agriculteurs-vaudois-29220612.html?rts_source=rss_t\"><img decoding=\"async\" src=\"https:\/\/img.rts.ch\/info\/culture\/cinema\/2026\/image\/5umlxp-29220630.image?w=320&amp;h=180\"><\/a>Sorti le 29 avril, le documentaire \u00ab\u00a0&Ecirc;tre paysan.ne\u00a0\u00bb de Fr&eacute;d&eacute;ric Gonseth et Catherine Azad&nbsp; plonge au c&oelig;ur du quotidien des agriculteurs vaudois. Ce film coproduit par la RTS met en lumi&egrave;re de fa&ccedil;on poignante leurs difficult&eacute;s, leurs combats et leurs espoirs.<\/div>\n<\/div>\n","protected":false},"excerpt":{"rendered":"<p>This post was originally published on this site. Sorti le 29 avril, le documentaire \u00ab\u00a0&Ecirc;tre paysan.ne\u00a0\u00bb de Fr&eacute;d&eacute;ric Gonseth et Catherine Azad&nbsp; plonge au c&oelig;ur du quotidien des agriculteurs vaudois. Ce film coproduit par la RTS met en lumi&egrave;re de fa&ccedil;on poignante leurs difficult&eacute;s, leurs combats et leurs espoirs.<\/p>\n","protected":false},"author":1,"featured_media":0,"comment_status":"open","ping_status":"open","sticky":false,"template":"","format":"standard","meta":{"_monsterinsights_skip_tracking":false,"_monsterinsights_sitenote_active":false,"_monsterinsights_sitenote_note":"","_monsterinsights_sitenote_category":0,"_uf_show_specific_survey":0,"_uf_disable_surveys":false,"footnotes":""},"categories":[100],"tags":[],"class_list":["post-104190","post","type-post","status-publish","format-standard","hentry","category-tech-innovation"],"aioseo_notices":[],"_links":{"self":[{"href":"https:\/\/geneveinfos.ch\/index.php\/wp-json\/wp\/v2\/posts\/104190","targetHints":{"allow":["GET"]}}],"collection":[{"href":"https:\/\/geneveinfos.ch\/index.php\/wp-json\/wp\/v2\/posts"}],"about":[{"href":"https:\/\/geneveinfos.ch\/index.php\/wp-json\/wp\/v2\/types\/post"}],"author":[{"embeddable":true,"href":"https:\/\/geneveinfos.ch\/index.php\/wp-json\/wp\/v2\/users\/1"}],"replies":[{"embeddable":true,"href":"https:\/\/geneveinfos.ch\/index.php\/wp-json\/wp\/v2\/comments?post=104190"}],"version-history":[{"count":0,"href":"https:\/\/geneveinfos.ch\/index.php\/wp-json\/wp\/v2\/posts\/104190\/revisions"}],"wp:attachment":[{"href":"https:\/\/geneveinfos.ch\/index.php\/wp-json\/wp\/v2\/media?parent=104190"}],"wp:term":[{"taxonomy":"category","embeddable":true,"href":"https:\/\/geneveinfos.ch\/index.php\/wp-json\/wp\/v2\/categories?post=104190"},{"taxonomy":"post_tag","embeddable":true,"href":"https:\/\/geneveinfos.ch\/index.php\/wp-json\/wp\/v2\/tags?post=104190"}],"curies":[{"name":"wp","href":"https:\/\/api.w.org\/{rel}","templated":true}]}}