{"id":104322,"date":"2026-05-01T12:47:20","date_gmt":"2026-05-01T10:47:20","guid":{"rendered":"https:\/\/geneveinfos.ch\/index.php\/2026\/05\/01\/telephonie-mobile-suisse-une-vente-aux-encheres-a-900-millions-menace-lequilibre-du-marche\/"},"modified":"2026-05-01T13:35:12","modified_gmt":"2026-05-01T11:35:12","slug":"telephonie-mobile-suisse-une-vente-aux-encheres-a-900-millions-menace-lequilibre-du-marche","status":"publish","type":"post","link":"https:\/\/geneveinfos.ch\/index.php\/2026\/05\/01\/telephonie-mobile-suisse-une-vente-aux-encheres-a-900-millions-menace-lequilibre-du-marche\/","title":{"rendered":"T\u00e9l\u00e9phonie mobile suisse: Une vente aux ench\u00e8res \u00e0 900\u00a0millions menace l\u2019\u00e9quilibre du march\u00e9"},"content":{"rendered":"<p>This <a href=\"https:\/\/www.tdg.ch\/telephonie-la-bataille-des-frequences-mobiles-se-prepare-168990047802\" target=\"_blank\">post<\/a> was originally published on <a href=\"https:\/\/partner-feeds.publishing.tamedia.ch\/rss\/tdg\/economie\" target=\"_blank\">this site<\/a>.<\/p><div>La ComCom attribuera les fr&eacute;quences mobiles au premier semestre 2027. Salt et Sunrise redoutent un duopole si Swisscom rafle la mise, avec des cons&eacute;quences directes sur les prix et la couverture r&eacute;seau.<\/div>\n","protected":false},"excerpt":{"rendered":"<p>This post was originally published on this site.La ComCom attribuera les fr&eacute;quences mobiles au premier semestre 2027. Salt et Sunrise redoutent un duopole si Swisscom rafle la mise, avec des cons&eacute;quences directes sur les prix et la couverture r&eacute;seau.<\/p>\n","protected":false},"author":1,"featured_media":104323,"comment_status":"open","ping_status":"open","sticky":false,"template":"","format":"standard","meta":{"_monsterinsights_skip_tracking":false,"_monsterinsights_sitenote_active":false,"_monsterinsights_sitenote_note":"","_monsterinsights_sitenote_category":0,"_uf_show_specific_survey":0,"_uf_disable_surveys":false,"footnotes":""},"categories":[99],"tags":[],"class_list":["post-104322","post","type-post","status-publish","format-standard","has-post-thumbnail","hentry","category-finances-negoce"],"aioseo_notices":[],"_links":{"self":[{"href":"https:\/\/geneveinfos.ch\/index.php\/wp-json\/wp\/v2\/posts\/104322","targetHints":{"allow":["GET"]}}],"collection":[{"href":"https:\/\/geneveinfos.ch\/index.php\/wp-json\/wp\/v2\/posts"}],"about":[{"href":"https:\/\/geneveinfos.ch\/index.php\/wp-json\/wp\/v2\/types\/post"}],"author":[{"embeddable":true,"href":"https:\/\/geneveinfos.ch\/index.php\/wp-json\/wp\/v2\/users\/1"}],"replies":[{"embeddable":true,"href":"https:\/\/geneveinfos.ch\/index.php\/wp-json\/wp\/v2\/comments?post=104322"}],"version-history":[{"count":1,"href":"https:\/\/geneveinfos.ch\/index.php\/wp-json\/wp\/v2\/posts\/104322\/revisions"}],"predecessor-version":[{"id":104324,"href":"https:\/\/geneveinfos.ch\/index.php\/wp-json\/wp\/v2\/posts\/104322\/revisions\/104324"}],"wp:featuredmedia":[{"embeddable":true,"href":"https:\/\/geneveinfos.ch\/index.php\/wp-json\/wp\/v2\/media\/104323"}],"wp:attachment":[{"href":"https:\/\/geneveinfos.ch\/index.php\/wp-json\/wp\/v2\/media?parent=104322"}],"wp:term":[{"taxonomy":"category","embeddable":true,"href":"https:\/\/geneveinfos.ch\/index.php\/wp-json\/wp\/v2\/categories?post=104322"},{"taxonomy":"post_tag","embeddable":true,"href":"https:\/\/geneveinfos.ch\/index.php\/wp-json\/wp\/v2\/tags?post=104322"}],"curies":[{"name":"wp","href":"https:\/\/api.w.org\/{rel}","templated":true}]}}