{"id":104366,"date":"2026-05-01T13:49:50","date_gmt":"2026-05-01T11:49:50","guid":{"rendered":"https:\/\/geneveinfos.ch\/index.php\/2026\/05\/01\/les-militants-arretes-par-la-marine-israelienne-ont-ete-debarques-en-crete\/"},"modified":"2026-05-01T13:49:50","modified_gmt":"2026-05-01T11:49:50","slug":"les-militants-arretes-par-la-marine-israelienne-ont-ete-debarques-en-crete","status":"publish","type":"post","link":"https:\/\/geneveinfos.ch\/index.php\/2026\/05\/01\/les-militants-arretes-par-la-marine-israelienne-ont-ete-debarques-en-crete\/","title":{"rendered":"Les militants arr\u00eat\u00e9s par la marine isra\u00e9lienne ont \u00e9t\u00e9 d\u00e9barqu\u00e9s en Cr\u00e8te"},"content":{"rendered":"<p>This <a href=\"https:\/\/www.rts.ch\/info\/monde\/2026\/article\/flottille-pour-gaza-175-militants-arretes-par-israel-debarques-en-crete-29228731.html?rts_source=rss_t\" target=\"_blank\">post<\/a> was originally published on <a href=\"https:\/\/www.rts.ch\/info\/toute-info\/?format=rss\/news\" target=\"_blank\">this site<\/a>.<\/p><div>\n<div><a href=\"https:\/\/www.rts.ch\/info\/monde\/2026\/article\/flottille-pour-gaza-175-militants-arretes-par-israel-debarques-en-crete-29228731.html?rts_source=rss_t\"><img decoding=\"async\" src=\"https:\/\/img.rts.ch\/articles\/2026\/image\/sai62b-29228918.image?w=320&amp;h=180\"><\/a>Des dizaines de militants de \u00ab\u00a0la flottille pour Gaza\u00a0\u00bb arr&ecirc;t&eacute;s la veille au large de l&rsquo;&icirc;le de Cr&egrave;te par les forces isra&eacute;liennes, ont d&eacute;barqu&eacute; vendredi sur un petit port cr&eacute;tois dans le sud-est de l&rsquo;&icirc;le, a constat&eacute; l&rsquo;AFP.<\/div>\n<\/div>\n","protected":false},"excerpt":{"rendered":"<p>This post was originally published on this site. Des dizaines de militants de \u00ab\u00a0la flottille pour Gaza\u00a0\u00bb arr&ecirc;t&eacute;s la veille au large de l&rsquo;&icirc;le de Cr&egrave;te par les forces isra&eacute;liennes, ont d&eacute;barqu&eacute; vendredi sur un petit port cr&eacute;tois dans le sud-est de l&rsquo;&icirc;le, a constat&eacute; l&rsquo;AFP.<\/p>\n","protected":false},"author":1,"featured_media":0,"comment_status":"open","ping_status":"open","sticky":false,"template":"","format":"standard","meta":{"_monsterinsights_skip_tracking":false,"_monsterinsights_sitenote_active":false,"_monsterinsights_sitenote_note":"","_monsterinsights_sitenote_category":0,"_uf_show_specific_survey":0,"_uf_disable_surveys":false,"footnotes":""},"categories":[100],"tags":[],"class_list":["post-104366","post","type-post","status-publish","format-standard","hentry","category-tech-innovation"],"aioseo_notices":[],"_links":{"self":[{"href":"https:\/\/geneveinfos.ch\/index.php\/wp-json\/wp\/v2\/posts\/104366","targetHints":{"allow":["GET"]}}],"collection":[{"href":"https:\/\/geneveinfos.ch\/index.php\/wp-json\/wp\/v2\/posts"}],"about":[{"href":"https:\/\/geneveinfos.ch\/index.php\/wp-json\/wp\/v2\/types\/post"}],"author":[{"embeddable":true,"href":"https:\/\/geneveinfos.ch\/index.php\/wp-json\/wp\/v2\/users\/1"}],"replies":[{"embeddable":true,"href":"https:\/\/geneveinfos.ch\/index.php\/wp-json\/wp\/v2\/comments?post=104366"}],"version-history":[{"count":0,"href":"https:\/\/geneveinfos.ch\/index.php\/wp-json\/wp\/v2\/posts\/104366\/revisions"}],"wp:attachment":[{"href":"https:\/\/geneveinfos.ch\/index.php\/wp-json\/wp\/v2\/media?parent=104366"}],"wp:term":[{"taxonomy":"category","embeddable":true,"href":"https:\/\/geneveinfos.ch\/index.php\/wp-json\/wp\/v2\/categories?post=104366"},{"taxonomy":"post_tag","embeddable":true,"href":"https:\/\/geneveinfos.ch\/index.php\/wp-json\/wp\/v2\/tags?post=104366"}],"curies":[{"name":"wp","href":"https:\/\/api.w.org\/{rel}","templated":true}]}}