{"id":104406,"date":"2026-05-01T14:28:13","date_gmt":"2026-05-01T12:28:13","guid":{"rendered":"https:\/\/geneveinfos.ch\/index.php\/2026\/05\/01\/avec-alouettes-piece-de-champ-nature-et-agriculture-deviennent-scenes-de-theatre\/"},"modified":"2026-05-01T14:28:13","modified_gmt":"2026-05-01T12:28:13","slug":"avec-alouettes-piece-de-champ-nature-et-agriculture-deviennent-scenes-de-theatre","status":"publish","type":"post","link":"https:\/\/geneveinfos.ch\/index.php\/2026\/05\/01\/avec-alouettes-piece-de-champ-nature-et-agriculture-deviennent-scenes-de-theatre\/","title":{"rendered":"Avec &lsquo;Alouettes &#8211; Pi\u00e8ce de champ&rsquo;, nature et agriculture deviennent sc\u00e8nes de th\u00e9\u00e2tre"},"content":{"rendered":"<p>This <a href=\"https:\/\/www.rts.ch\/info\/culture\/spectacles\/2026\/article\/alouettes-piece-de-champ-theatre-immersif-dans-un-champ-agricole-29221581.html?rts_source=rss_t\" target=\"_blank\">post<\/a> was originally published on <a href=\"https:\/\/www.rts.ch\/info\/toute-info\/?format=rss\/news\" target=\"_blank\">this site<\/a>.<\/p><div>\n<div><a href=\"https:\/\/www.rts.ch\/info\/culture\/spectacles\/2026\/article\/alouettes-piece-de-champ-theatre-immersif-dans-un-champ-agricole-29221581.html?rts_source=rss_t\"><img decoding=\"async\" src=\"https:\/\/img.rts.ch\/articles\/2026\/image\/juen32-29221575.image?w=320&amp;h=180\"><\/a>Le Th&eacute;&acirc;tre de Vidy-Lausanne propose les 2 et 3 mai dans le cadre du festival Tempo Forte une exp&eacute;rience th&eacute;&acirc;trale in&eacute;dite avec &lsquo;Alouettes &#8211; Pi&egrave;ce de champ&rsquo;. Cette cr&eacute;ation d&rsquo;Emilie Rousset et Caroline Barneaud invite le public &agrave; une immersion profonde dans le monde agricole et la nature environnante.<\/div>\n<\/div>\n","protected":false},"excerpt":{"rendered":"<p>This post was originally published on this site. Le Th&eacute;&acirc;tre de Vidy-Lausanne propose les 2 et 3 mai dans le cadre du festival Tempo Forte une exp&eacute;rience th&eacute;&acirc;trale in&eacute;dite avec &lsquo;Alouettes &#8211; Pi&egrave;ce de champ&rsquo;. Cette cr&eacute;ation d&rsquo;Emilie Rousset et Caroline Barneaud invite le public &agrave; une immersion profonde dans le monde agricole et la [&hellip;]<\/p>\n","protected":false},"author":1,"featured_media":0,"comment_status":"open","ping_status":"open","sticky":false,"template":"","format":"standard","meta":{"_monsterinsights_skip_tracking":false,"_monsterinsights_sitenote_active":false,"_monsterinsights_sitenote_note":"","_monsterinsights_sitenote_category":0,"_uf_show_specific_survey":0,"_uf_disable_surveys":false,"footnotes":""},"categories":[100],"tags":[],"class_list":["post-104406","post","type-post","status-publish","format-standard","hentry","category-tech-innovation"],"aioseo_notices":[],"_links":{"self":[{"href":"https:\/\/geneveinfos.ch\/index.php\/wp-json\/wp\/v2\/posts\/104406","targetHints":{"allow":["GET"]}}],"collection":[{"href":"https:\/\/geneveinfos.ch\/index.php\/wp-json\/wp\/v2\/posts"}],"about":[{"href":"https:\/\/geneveinfos.ch\/index.php\/wp-json\/wp\/v2\/types\/post"}],"author":[{"embeddable":true,"href":"https:\/\/geneveinfos.ch\/index.php\/wp-json\/wp\/v2\/users\/1"}],"replies":[{"embeddable":true,"href":"https:\/\/geneveinfos.ch\/index.php\/wp-json\/wp\/v2\/comments?post=104406"}],"version-history":[{"count":0,"href":"https:\/\/geneveinfos.ch\/index.php\/wp-json\/wp\/v2\/posts\/104406\/revisions"}],"wp:attachment":[{"href":"https:\/\/geneveinfos.ch\/index.php\/wp-json\/wp\/v2\/media?parent=104406"}],"wp:term":[{"taxonomy":"category","embeddable":true,"href":"https:\/\/geneveinfos.ch\/index.php\/wp-json\/wp\/v2\/categories?post=104406"},{"taxonomy":"post_tag","embeddable":true,"href":"https:\/\/geneveinfos.ch\/index.php\/wp-json\/wp\/v2\/tags?post=104406"}],"curies":[{"name":"wp","href":"https:\/\/api.w.org\/{rel}","templated":true}]}}