{"id":104541,"date":"2026-05-01T17:58:42","date_gmt":"2026-05-01T15:58:42","guid":{"rendered":"https:\/\/geneveinfos.ch\/index.php\/2026\/05\/01\/fete-du-travail-a-geneve-un-cortege-du-1er-mai-tranquille-a-deux-mois-du-g7\/"},"modified":"2026-05-01T18:41:51","modified_gmt":"2026-05-01T16:41:51","slug":"fete-du-travail-a-geneve-un-cortege-du-1er-mai-tranquille-a-deux-mois-du-g7","status":"publish","type":"post","link":"https:\/\/geneveinfos.ch\/index.php\/2026\/05\/01\/fete-du-travail-a-geneve-un-cortege-du-1er-mai-tranquille-a-deux-mois-du-g7\/","title":{"rendered":"F\u00eate du travail \u00e0 Gen\u00e8ve: Un cort\u00e8ge du 1er\u00a0Mai tranquille, \u00e0 deux mois du G7"},"content":{"rendered":"<p>This <a href=\"https:\/\/www.tdg.ch\/g7-le-sommet-devian-au-cur-du-1er-mai-a-geneve-866719575315\" target=\"_blank\">post<\/a> was originally published on <a href=\"https:\/\/partner-feeds.publishing.tamedia.ch\/rss\/tdg\/geneve\" target=\"_blank\">this site<\/a>.<\/p><div>La manifestation s&rsquo;est d&eacute;roul&eacute;e sans accroc au centre-ville, sur fond de tensions politiques &agrave; l&rsquo;approche du sommet d&rsquo;&Eacute;vian.<\/div>\n","protected":false},"excerpt":{"rendered":"<p>This post was originally published on this site.La manifestation s&rsquo;est d&eacute;roul&eacute;e sans accroc au centre-ville, sur fond de tensions politiques &agrave; l&rsquo;approche du sommet d&rsquo;&Eacute;vian.<\/p>\n","protected":false},"author":1,"featured_media":104542,"comment_status":"open","ping_status":"open","sticky":false,"template":"","format":"standard","meta":{"_monsterinsights_skip_tracking":false,"_monsterinsights_sitenote_active":false,"_monsterinsights_sitenote_note":"","_monsterinsights_sitenote_category":0,"_uf_show_specific_survey":0,"_uf_disable_surveys":false,"footnotes":""},"categories":[97],"tags":[],"class_list":["post-104541","post","type-post","status-publish","format-standard","has-post-thumbnail","hentry","category-international-news"],"aioseo_notices":[],"_links":{"self":[{"href":"https:\/\/geneveinfos.ch\/index.php\/wp-json\/wp\/v2\/posts\/104541","targetHints":{"allow":["GET"]}}],"collection":[{"href":"https:\/\/geneveinfos.ch\/index.php\/wp-json\/wp\/v2\/posts"}],"about":[{"href":"https:\/\/geneveinfos.ch\/index.php\/wp-json\/wp\/v2\/types\/post"}],"author":[{"embeddable":true,"href":"https:\/\/geneveinfos.ch\/index.php\/wp-json\/wp\/v2\/users\/1"}],"replies":[{"embeddable":true,"href":"https:\/\/geneveinfos.ch\/index.php\/wp-json\/wp\/v2\/comments?post=104541"}],"version-history":[{"count":1,"href":"https:\/\/geneveinfos.ch\/index.php\/wp-json\/wp\/v2\/posts\/104541\/revisions"}],"predecessor-version":[{"id":104543,"href":"https:\/\/geneveinfos.ch\/index.php\/wp-json\/wp\/v2\/posts\/104541\/revisions\/104543"}],"wp:featuredmedia":[{"embeddable":true,"href":"https:\/\/geneveinfos.ch\/index.php\/wp-json\/wp\/v2\/media\/104542"}],"wp:attachment":[{"href":"https:\/\/geneveinfos.ch\/index.php\/wp-json\/wp\/v2\/media?parent=104541"}],"wp:term":[{"taxonomy":"category","embeddable":true,"href":"https:\/\/geneveinfos.ch\/index.php\/wp-json\/wp\/v2\/categories?post=104541"},{"taxonomy":"post_tag","embeddable":true,"href":"https:\/\/geneveinfos.ch\/index.php\/wp-json\/wp\/v2\/tags?post=104541"}],"curies":[{"name":"wp","href":"https:\/\/api.w.org\/{rel}","templated":true}]}}